{"id":1040,"date":"2015-12-12T19:05:42","date_gmt":"2015-12-12T17:05:42","guid":{"rendered":"http:\/\/www.accarochemaure.fr\/?p=1040"},"modified":"2015-12-12T19:23:37","modified_gmt":"2015-12-12T17:23:37","slug":"territoriale-chasseurs-pigeonnes","status":"publish","type":"post","link":"https:\/\/www.accarochemaure.fr\/?p=1040","title":{"rendered":"[FDC07-26] R\u00e9forme territoriale : les chasseurs de grives et merles pigeonn\u00e9s"},"content":{"rendered":"<h2 style=\"text-align: center;\">F\u00e9d\u00e9rations D\u00e9partementales des Chasseurs du 07 et du 26<\/h2>\n<h2 style=\"text-align: center;\">Communiqu\u00e9 du 3\/12\/2015<\/h2>\n<p><a href=\"https:\/\/i0.wp.com\/www.accarochemaure.fr\/wp-content\/uploads\/2013\/11\/logoFDChasse07.jpg?ssl=1\" rel=\"attachment wp-att-684\"><img loading=\"lazy\" decoding=\"async\" class=\"alignleft wp-image-684\" src=\"https:\/\/i0.wp.com\/www.accarochemaure.fr\/wp-content\/uploads\/2013\/11\/logoFDChasse07.jpg?resize=197%2C73&#038;ssl=1\" alt=\"logoFDChasse07\" width=\"197\" height=\"73\" srcset=\"https:\/\/i0.wp.com\/www.accarochemaure.fr\/wp-content\/uploads\/2013\/11\/logoFDChasse07.jpg?resize=300%2C111&amp;ssl=1 300w, https:\/\/i0.wp.com\/www.accarochemaure.fr\/wp-content\/uploads\/2013\/11\/logoFDChasse07.jpg?w=419&amp;ssl=1 419w\" sizes=\"auto, (max-width: 197px) 100vw, 197px\" data-recalc-dims=\"1\" \/><\/a>Les d\u00e9partements de l\u2019Ard\u00e8che et de la Dr\u00f4me b\u00e9n\u00e9ficient actuellement d\u2019un report de la date de fermeture de la chasse des grives au 20 f\u00e9vrier pour les cantons m\u00e9ridionaux des deux d\u00e9partements mentionn\u00e9e dans l\u2019arr\u00eat\u00e9 minist\u00e9riel du 19 janvier 2009 relatif aux dates de fermeture de la chasse aux oiseaux de passage et au gibier d\u2019eau.<br \/>\nLa requ\u00eate des deux f\u00e9d\u00e9rations d\u00e9pos\u00e9e en octobre 2014 aupr\u00e8s du minist\u00e8re de l\u2019\u00e9cologie \u00e0 instruire un processus de coh\u00e9rence territoriale afin de permettre l\u2019application de la m\u00eame r\u00e9glementation \u00e0 tous les chasseurs dr\u00f4mois et ard\u00e9chois avait re\u00e7u une fin de non-recevoir. Loi et d\u00e9cret ont apport\u00e9 depuis 2014 une modification de d\u00e9limitation des cantons qui furent appliqu\u00e9s d\u00e8s cette ann\u00e9e pour l\u2019\u00e9lection des conseillers d\u00e9partementaux. M\u00e9caniquement et avec un effet collat\u00e9ral avantageux,<!--more--> ce nouveau d\u00e9coupage des cantons permettait en toute l\u00e9galit\u00e9, aux chasseurs de quelques communes suppl\u00e9mentaires de pr\u00e9lever des grives et merles jusqu\u2019au 20 f\u00e9vrier.<\/p>\n<p>De toute \u00e9vidence cet avantage collat\u00e9ral contrarie l\u2019administration du minist\u00e8re charg\u00e9 de l\u2019\u00e9cologie. C\u2019est en effet avec une grande surprise que les FDC de la Dr\u00f4me et de l\u2019Ard\u00e8che viennent de d\u00e9couvrir un arr\u00eat\u00e9 du Minist\u00e8re de l\u2019\u00c9cologie en date du 23 novembre 2015 modifiant l\u2019arr\u00eat\u00e9 du 19 f\u00e9vrier 2009 relatif aux dates de fermeture de la chasse aux oiseaux de passage et au gibier d\u2019eau. La raison de cette modification constitue une v\u00e9ritable discrimination vis-\u00e0-vis du monde de la chasse. En effet, l\u2019arr\u00eat\u00e9 dont il s\u2019agit ne fixe plus les cantons comme limites des territoires autoris\u00e9s \u00e0 chasser les grives jusqu\u2019au 20 f\u00e9vrier mais fixe d\u00e9sormais les communes concern\u00e9es par cette mesure. Cela a pour cons\u00e9quence d\u2019exclure les quelques communes qui auraient d\u00fb b\u00e9n\u00e9ficier de cette prolongation compte tenu de la nouvelle d\u00e9limitation des cantons.<\/p>\n<p>Les f\u00e9d\u00e9rations concern\u00e9es sont choqu\u00e9es par cette man\u0153uvre qui consiste \u00e0 appliquer un texte r\u00e9glementaire \u00e0 g\u00e9om\u00e9trie variable. Les nouveaux cantons \u00e9tant opposables \u00e0 tous et pour tout sauf en mati\u00e8re cyn\u00e9g\u00e9tique et plus particuli\u00e8rement pour la chasse des turdid\u00e9s.<br \/>\nIl s\u2019agit l\u00e0 d\u2019un \u00e9ni\u00e8me coup bas mesquin de la part d\u2019un d\u00e9partement minist\u00e9riel qui saute sur toutes les occasions pour porter atteinte aux int\u00e9r\u00eats l\u00e9gitimes des chasseurs.<br \/>\nAu moment, Cop21 oblige, o\u00f9 les pouvoirs politiques, les scientifiques de plus de 150 pays n\u00e9gocient pour obtenir des compromis \u00e9cologiques vitaux pour l\u2019avenir de notre plan\u00e8te il est l\u00e9gitime de se poser la question du pouvoir de nos \u00e9lus sur leur administration plus encline \u00e0 formater des textes pour les anti-chasses qu\u2019\u00e0 \u0153uvrer au bon sens et l\u2019int\u00e9r\u00eat g\u00e9n\u00e9ral.<\/p>\n<p>Pour cette mystification administrative les f\u00e9d\u00e9rations de l\u2019Ard\u00e8che et de la Dr\u00f4me ont d\u2019ores et d\u00e9j\u00e0 d\u00e9cid\u00e9 de saisir les instances nationales.<\/p>\n<p style=\"text-align: center;\">Jacques AURANGE \u2013 Pr\u00e9sident FDC 07 &#8211; Alain HURTEVENT \u2013 Pr\u00e9sident FDC 26<\/p>\n<blockquote>\n<p style=\"text-align: left;\">T\u00e9l\u00e9charger le <a href=\"https:\/\/www.accarochemaure.fr\/wp-content\/uploads\/2015\/12\/FDC07-Comm3122015.pdf\">communiquer des FDC<\/a>\u00a0 (pdf)<\/p>\n<\/blockquote>\n","protected":false},"excerpt":{"rendered":"<p>F\u00e9d\u00e9rations D\u00e9partementales des Chasseurs du 07 et du 26 : Communiqu\u00e9 du 3\/12\/2015<\/p>\n","protected":false},"author":1,"featured_media":0,"comment_status":"open","ping_status":"open","sticky":false,"template":"","format":"standard","meta":{"_aioseop_title":"R\u00e9forme territoriale : les chasseurs de grives et merles pigeonn\u00e9s ","_aioseop_description":"F\u00e9d\u00e9rations D\u00e9partementales des Chasseurs du 07 et du 26 : Communiqu\u00e9 du 3\/12\/2015\r\n","jetpack_post_was_ever_published":false,"_jetpack_newsletter_access":"","_jetpack_dont_email_post_to_subs":false,"_jetpack_newsletter_tier_id":0,"_jetpack_memberships_contains_paywalled_content":false,"_jetpack_memberships_contains_paid_content":false,"footnotes":"","jetpack_publicize_message":"","jetpack_publicize_feature_enabled":true,"jetpack_social_post_already_shared":true,"jetpack_social_options":{"image_generator_settings":{"template":"highway","enabled":false},"version":2}},"categories":[1],"tags":[21,22,31],"class_list":{"0":"post-1040","1":"post","2":"type-post","3":"status-publish","4":"format-standard","6":"category-informations","7":"tag-annonce","8":"tag-fdcardeche","9":"tag-fdcdrome"},"jetpack_publicize_connections":[],"jetpack_featured_media_url":"","jetpack_shortlink":"https:\/\/wp.me\/p11tZa-gM","jetpack_sharing_enabled":true,"_links":{"self":[{"href":"https:\/\/www.accarochemaure.fr\/index.php?rest_route=\/wp\/v2\/posts\/1040","targetHints":{"allow":["GET"]}}],"collection":[{"href":"https:\/\/www.accarochemaure.fr\/index.php?rest_route=\/wp\/v2\/posts"}],"about":[{"href":"https:\/\/www.accarochemaure.fr\/index.php?rest_route=\/wp\/v2\/types\/post"}],"author":[{"embeddable":true,"href":"https:\/\/www.accarochemaure.fr\/index.php?rest_route=\/wp\/v2\/users\/1"}],"replies":[{"embeddable":true,"href":"https:\/\/www.accarochemaure.fr\/index.php?rest_route=%2Fwp%2Fv2%2Fcomments&post=1040"}],"version-history":[{"count":16,"href":"https:\/\/www.accarochemaure.fr\/index.php?rest_route=\/wp\/v2\/posts\/1040\/revisions"}],"predecessor-version":[{"id":1058,"href":"https:\/\/www.accarochemaure.fr\/index.php?rest_route=\/wp\/v2\/posts\/1040\/revisions\/1058"}],"wp:attachment":[{"href":"https:\/\/www.accarochemaure.fr\/index.php?rest_route=%2Fwp%2Fv2%2Fmedia&parent=1040"}],"wp:term":[{"taxonomy":"category","embeddable":true,"href":"https:\/\/www.accarochemaure.fr\/index.php?rest_route=%2Fwp%2Fv2%2Fcategories&post=1040"},{"taxonomy":"post_tag","embeddable":true,"href":"https:\/\/www.accarochemaure.fr\/index.php?rest_route=%2Fwp%2Fv2%2Ftags&post=1040"}],"curies":[{"name":"wp","href":"https:\/\/api.w.org\/{rel}","templated":true}]}}