{"id":1196,"date":"2016-10-27T22:13:15","date_gmt":"2016-10-27T20:13:15","guid":{"rendered":"http:\/\/www.accarochemaure.fr\/?p=1196"},"modified":"2016-10-27T22:50:49","modified_gmt":"2016-10-27T20:50:49","slug":"petition-linterdiction-dimanche","status":"publish","type":"post","link":"https:\/\/www.accarochemaure.fr\/?p=1196","title":{"rendered":"P\u00e9tition : Non \u00e0 l\u2019interdiction de la chasse le dimanche !"},"content":{"rendered":"<p><a href=\"https:\/\/i0.wp.com\/www.accarochemaure.fr\/wp-content\/uploads\/2016\/10\/PanneauChasse2.jpg?ssl=1\"><img loading=\"lazy\" decoding=\"async\" class=\"aligncenter wp-image-1206 size-medium\" src=\"https:\/\/i0.wp.com\/www.accarochemaure.fr\/wp-content\/uploads\/2016\/10\/PanneauChasse2.jpg?resize=300%2C229&#038;ssl=1\" alt=\"panneauchasse2\" width=\"300\" height=\"229\" srcset=\"https:\/\/i0.wp.com\/www.accarochemaure.fr\/wp-content\/uploads\/2016\/10\/PanneauChasse2.jpg?resize=300%2C229&amp;ssl=1 300w, https:\/\/i0.wp.com\/www.accarochemaure.fr\/wp-content\/uploads\/2016\/10\/PanneauChasse2.jpg?w=518&amp;ssl=1 518w\" sizes=\"auto, (max-width: 300px) 100vw, 300px\" data-recalc-dims=\"1\" \/><\/a><\/p>\n<h2 style=\"text-align: center;\">Nous sommes d\u00e9j\u00e0 20 000 signataires !<\/h2>\n<p>Guillaume Peltier,\u00a0maire de Neung-sur-Beuvron et pr\u00e9sident du groupe r\u00e9gional d&rsquo;opposition,\u00a0Jean-No\u00ebl Cardoux,\u00a0s\u00e9nateur et pr\u00e9sident du groupe Chasse au S\u00e9nat,\u00a0Hubert-Louis Vuitton,\u00a0pr\u00e9sident de la f\u00e9d\u00e9ration r\u00e9gionale des chasseurs et vice-pr\u00e9sident de la f\u00e9d\u00e9ration nationale,\u00a0et tous les conseillers r\u00e9gionaux du groupe UDC plaident pour une cohabitation harmonieuse entre chasseurs et randonneurs.<\/p>\n<p>Nous refusons que la loi, l\u2019interdit ou l\u2019accusation soient les seules solutions dans nos campagnes, o\u00f9 r\u00e8gne encore un esprit de libert\u00e9, d\u2019\u00e9galit\u00e9 et de fraternit\u00e9.<\/p>\n<blockquote><p>\u00ab\u00a0Dans le respect absolu du droit fondamental de propri\u00e9t\u00e9, pr\u00e9servons notre biodiversit\u00e9, dans une cohabitation harmonieuse entre nos chasseurs, nos randonneurs et nos propri\u00e9taires.\u00a0\u00bb<\/p><\/blockquote>\n<p style=\"text-align: center;\">En r\u00e9ponse \u00e0 la campagne lanc\u00e9e par le collectif\u00a0 \u00ab\u00a0un dimanche sans chasse\u00a0\u00bb,<strong><br \/>\nsoyez nombreux \u00e0 signer la p\u00e9tition<br \/>\n\u00ab\u00a0Non \u00e0 l&rsquo;interdiction de la chasse le dimanche\u00a0\u00bb<br \/>\n<\/strong><\/p>\n<p style=\"text-align: center;\"><strong><a href=\"https:\/\/docs.google.com\/forms\/d\/e\/1FAIpQLSd4ZuRf214PJ9rpiA5UenfFV8EF54795X3W9YWBVhdJPAgwpA\/viewform?c=0&amp;w=1\">Acc\u00e9der au formulaire en ligne<\/a><\/strong><\/p>\n<p style=\"text-align: center;\">\n","protected":false},"excerpt":{"rendered":"<p>En r\u00e9ponse au collectif  \u00ab\u00a0un dimanche sans chasse\u00a0\u00bb,<br \/>\nsoyez nombreux \u00e0 signer la p\u00e9tition<br \/>\n\u00ab\u00a0Non \u00e0 l&rsquo;interdiction de la chasse le dimanche\u00a0\u00bb<\/p>\n","protected":false},"author":1,"featured_media":0,"comment_status":"open","ping_status":"open","sticky":false,"template":"","format":"standard","meta":{"_aioseop_title":"","_aioseop_description":"En r\u00e9ponse au collectif  \"un dimanche sans chasse\",\r\nsoyez nombreux \u00e0 signer la p\u00e9tition\r\n\"Non \u00e0 l'interdiction de la chasse le dimanche\"","jetpack_post_was_ever_published":false,"_jetpack_newsletter_access":"","_jetpack_dont_email_post_to_subs":false,"_jetpack_newsletter_tier_id":0,"_jetpack_memberships_contains_paywalled_content":false,"_jetpack_memberships_contains_paid_content":false,"footnotes":"","jetpack_publicize_message":"","jetpack_publicize_feature_enabled":true,"jetpack_social_post_already_shared":true,"jetpack_social_options":{"image_generator_settings":{"template":"highway","enabled":false},"version":2}},"categories":[27],"tags":[6,35],"class_list":{"0":"post-1196","1":"post","2":"type-post","3":"status-publish","4":"format-standard","6":"category-actualites","7":"tag-acca","8":"tag-petition"},"jetpack_publicize_connections":[],"jetpack_featured_media_url":"","jetpack_shortlink":"https:\/\/wp.me\/p11tZa-ji","jetpack_sharing_enabled":true,"_links":{"self":[{"href":"https:\/\/www.accarochemaure.fr\/index.php?rest_route=\/wp\/v2\/posts\/1196","targetHints":{"allow":["GET"]}}],"collection":[{"href":"https:\/\/www.accarochemaure.fr\/index.php?rest_route=\/wp\/v2\/posts"}],"about":[{"href":"https:\/\/www.accarochemaure.fr\/index.php?rest_route=\/wp\/v2\/types\/post"}],"author":[{"embeddable":true,"href":"https:\/\/www.accarochemaure.fr\/index.php?rest_route=\/wp\/v2\/users\/1"}],"replies":[{"embeddable":true,"href":"https:\/\/www.accarochemaure.fr\/index.php?rest_route=%2Fwp%2Fv2%2Fcomments&post=1196"}],"version-history":[{"count":9,"href":"https:\/\/www.accarochemaure.fr\/index.php?rest_route=\/wp\/v2\/posts\/1196\/revisions"}],"predecessor-version":[{"id":1207,"href":"https:\/\/www.accarochemaure.fr\/index.php?rest_route=\/wp\/v2\/posts\/1196\/revisions\/1207"}],"wp:attachment":[{"href":"https:\/\/www.accarochemaure.fr\/index.php?rest_route=%2Fwp%2Fv2%2Fmedia&parent=1196"}],"wp:term":[{"taxonomy":"category","embeddable":true,"href":"https:\/\/www.accarochemaure.fr\/index.php?rest_route=%2Fwp%2Fv2%2Fcategories&post=1196"},{"taxonomy":"post_tag","embeddable":true,"href":"https:\/\/www.accarochemaure.fr\/index.php?rest_route=%2Fwp%2Fv2%2Ftags&post=1196"}],"curies":[{"name":"wp","href":"https:\/\/api.w.org\/{rel}","templated":true}]}}