{"id":1246,"date":"2017-05-23T12:57:16","date_gmt":"2017-05-23T10:57:16","guid":{"rendered":"http:\/\/www.accarochemaure.fr\/?p=1246"},"modified":"2017-05-23T13:24:33","modified_gmt":"2017-05-23T11:24:33","slug":"communique-president-chasseurs","status":"publish","type":"post","link":"https:\/\/www.accarochemaure.fr\/?p=1246","title":{"rendered":"Communiqu\u00e9 du Pr\u00e9sident de la FNC \u00e0 tous les chasseurs"},"content":{"rendered":"<p style=\"text-align: center;\">INFORMATION A TOUS LES CHASSEURS<br \/>\nDE LA PART DE M. SCHRAEN WILLY PRESIDENT DE LA FNC<br \/>\nEn date du 17 mai 2017<\/p>\n<p style=\"text-align: left;\">Objet : Communiqu\u00e9 du Pr\u00e9sident de la FNC Willy Schraen suite \u00e0 la nomination du ministre de l&rsquo;Ecologie&#8230;<\/p>\n<p style=\"text-align: left;\"><a href=\"https:\/\/www.accarochemaure.fr\/wp-content\/uploads\/2017\/05\/Communique-Pres-FNC-17-mai.pdf\"><em>Version t\u00e9l\u00e9chargeable\u00a0du communiqu\u00e9 (pdf)<\/em><\/a><\/p>\n<p style=\"text-align: left;\"><strong>A tous les chasseurs de France,<\/strong><\/p>\n<p style=\"text-align: left;\">Cette journ\u00e9e particuli\u00e8re, qui a vu la d\u00e9signation du nouveau gouvernement de la R\u00e9publique, sera \u00e0 l&rsquo;\u00e9vidence \u00e0 marquer d&rsquo;une pierre noire.<br \/>\nComment ne pas se sentir trahis et humili\u00e9s apr\u00e8s avoir appris la nomination de Monsieur Nicolas Hulot \u00e0 la t\u00eate du minist\u00e8re de l&rsquo;Ecologie, alors que le Pr\u00e9sident de la R\u00e9publique voulait faire de son mandat un exemple de coh\u00e9sion sociale et territoriale.<\/p>\n<p style=\"text-align: left;\">Le passage r\u00e9ussit d&rsquo;Emmanuel Macron devant les \u00e9lus de la chasse en congr\u00e8s \u00e0 Paris, laisse un go\u00fbt plus qu&rsquo;amer dans la bouche de l&rsquo;ensemble des chasseurs de France, en d\u00e9couvrant cette nomination.<\/p>\n<p style=\"text-align: left;\">Les intentions de notre nouveau ministre de tutelle sont tr\u00e8s claires,<!--more ...lire la suite...--> et nous vous ferons parvenir un floril\u00e8ge de ses petites phrases assassines \u00e0 notre encontre. Cela en dit long sur sa conception de l&rsquo;\u00e9cologie \u00e0 la sauce dogmatique, et de l&rsquo;affection toute particuli\u00e8re qu&rsquo;il nous porte.<\/p>\n<p style=\"text-align: left;\">Je m&rsquo;adresse \u00e9galement \u00e0 l&rsquo;ensemble des ruraux, agriculteurs, p\u00eacheurs, maires de nos villages, et autres usagers de la nature, pour leur dire que les \u00e9crits de notre nouveau ministre sont l\u00e0 aussi tr\u00e8s clairs. Mes amis nous allons souffrir, et comme le dit mon vice pr\u00e9sident, les vacances sont finis (bien que je n&rsquo;ai jamais eu l&rsquo;impression que nous nous trouvions dans cet \u00e9tat de qui\u00e9tude&#8230;).<\/p>\n<p style=\"text-align: left;\">Pour ce choix qui prend le visage d&rsquo;une d\u00e9claration de guerre \u00e0 la majorit\u00e9 des territoires fran\u00e7ais et de leurs habitants, j&rsquo;esp\u00e8re que notre Pr\u00e9sident de la R\u00e9publique a bien conscience que la France des oubli\u00e9s, celle des traditions, celles des diversit\u00e9s culturelles, celle des h\u00e9ritages, celle du bon sens&#8230;ne se laissera pas enfermer dans une niche des extr\u00eames qui semblent arranger tout le monde au c\u0153ur de l&rsquo;Etat. Oui, en faisant ce choix, ceux sont des milliers d&rsquo;hommes et de femmes qui aspiraient justes \u00e0 vivre en paix dans leur campagne, qui vont conna\u00eetre demain le harc\u00e8lement \u00e9cologique \u00e0 la Hulot et l&rsquo;instauration de nouvelles normes supra europ\u00e9ennes.<\/p>\n<p style=\"text-align: left;\">Mes amis, je vais d\u00e8s aujourd&rsquo;hui demander une audience au Pr\u00e9sident de la R\u00e9publique pour qu&rsquo;il nous dise clairement ses intentions vis \u00e0 vis de notre programme \u00e9cologique et rural. Nous sommes pour le d\u00e9veloppement et non la mise sous cloche des territoires. Nous refusons l&rsquo;arr\u00eat de nos activit\u00e9s rurales s\u00e9culaires, la disparition de notre agriculture, et la sacralisation de nos terroirs !<\/p>\n<p style=\"text-align: left;\">Dans l&rsquo;attente des r\u00e9ponses de l&rsquo;Elys\u00e9e , je vous demande de sonner le tocsin sur tous les territoires de France, et de vous pr\u00e9parer \u00e0 livrer la bataille des l\u00e9gislatives, et \u00e0 travers cette \u00e9lection, la mobilisation pour notre survie !<\/p>\n<p style=\"text-align: left;\">Le nouveau ministre de l&rsquo;\u00e9cologie n&rsquo;a qu&rsquo;un mandat temporaire, et les urnes auront le dernier mot le 11 et le 18 juin prochain.<\/p>\n<p style=\"text-align: left;\">Durant toute la campagne pr\u00e9sidentielle, j&rsquo;ai respect\u00e9 la neutralit\u00e9 politique qui incombe \u00e0 ma fonction, mais si des menaces r\u00e9elles se font sentir sur notre passion et nos terroirs, rien ne m&#8217;emp\u00eachera de d\u00e9signer ceux qui sont un danger pour l&rsquo;ensemble de la ruralit\u00e9 fran\u00e7aise.<br \/>\nPersonnellement, ma motivation \u00e0 d\u00e9fendre nos valeurs n&rsquo;a jamais \u00e9t\u00e9 aussi forte et l&rsquo;adversit\u00e9 dans laquelle nous rentrons avec cette nomination me motive encore plus.<br \/>\nVous me connaissez suffisamment pour savoir que je serai combatif et que je ne l\u00e2cherai rien, politiquement correct ou pas !<br \/>\nPour une fois, soyons unis devant les menaces qui nous guettent, et r\u00e9apprenons \u00e0 chasser en meute !<\/p>\n<p style=\"text-align: left;\">Vive la ruralit\u00e9,<br \/>\nVive la chasse !<\/p>\n<p style=\"text-align: left;\">Willy SCHRAEN<br \/>\nPr\u00e9sident de la F\u00e9d\u00e9ration Nationale des Chasseurs (FNC)<\/p>\n","protected":false},"excerpt":{"rendered":"<p>INFORMATION A TOUS LES CHASSEURS DE LA PART DE M. SCHRAEN WILLY PRESIDENT DE LA FNC En date du 17 mai 2017 Objet : Communiqu\u00e9 du Pr\u00e9sident de la FNC Willy Schraen suite \u00e0 la nomination du ministre de l&rsquo;Ecologie&#8230; Version t\u00e9l\u00e9chargeable\u00a0du communiqu\u00e9 (pdf) A tous les chasseurs de France, Cette journ\u00e9e particuli\u00e8re, qui a vu la d\u00e9signation du nouveau gouvernement de la R\u00e9publique, sera \u00e0 l&rsquo;\u00e9vidence \u00e0 marquer d&rsquo;une pierre noire. Comment ne pas se sentir trahis et humili\u00e9s apr\u00e8s avoir appris la nomination de Monsieur Nicolas Hulot \u00e0 la t\u00eate du minist\u00e8re de l&rsquo;Ecologie, alors que le Pr\u00e9sident de la R\u00e9publique voulait faire de son mandat un exemple de coh\u00e9sion sociale et territoriale. Le passage r\u00e9ussit d&rsquo;Emmanuel Macron devant les \u00e9lus de la chasse en congr\u00e8s \u00e0 Paris, laisse un go\u00fbt plus qu&rsquo;amer dans la bouche de l&rsquo;ensemble des chasseurs de France, en d\u00e9couvrant cette nomination. Les intentions de notre nouveau ministre de tutelle sont tr\u00e8s claires,<\/p>\n","protected":false},"author":1,"featured_media":0,"comment_status":"open","ping_status":"open","sticky":false,"template":"","format":"standard","meta":{"_aioseop_title":"Communiqu\u00e9\"  du pr\u00e9sident","_aioseop_description":"","jetpack_post_was_ever_published":false,"_jetpack_newsletter_access":"","_jetpack_dont_email_post_to_subs":false,"_jetpack_newsletter_tier_id":0,"_jetpack_memberships_contains_paywalled_content":false,"_jetpack_memberships_contains_paid_content":false,"footnotes":"","jetpack_publicize_message":"","jetpack_publicize_feature_enabled":true,"jetpack_social_post_already_shared":true,"jetpack_social_options":{"image_generator_settings":{"template":"highway","enabled":false},"version":2}},"categories":[27],"tags":[15,33],"class_list":{"0":"post-1246","1":"post","2":"type-post","3":"status-publish","4":"format-standard","6":"category-actualites","7":"tag-fnc","8":"tag-ministere"},"jetpack_publicize_connections":[],"jetpack_featured_media_url":"","jetpack_shortlink":"https:\/\/wp.me\/p11tZa-k6","jetpack_sharing_enabled":true,"_links":{"self":[{"href":"https:\/\/www.accarochemaure.fr\/index.php?rest_route=\/wp\/v2\/posts\/1246","targetHints":{"allow":["GET"]}}],"collection":[{"href":"https:\/\/www.accarochemaure.fr\/index.php?rest_route=\/wp\/v2\/posts"}],"about":[{"href":"https:\/\/www.accarochemaure.fr\/index.php?rest_route=\/wp\/v2\/types\/post"}],"author":[{"embeddable":true,"href":"https:\/\/www.accarochemaure.fr\/index.php?rest_route=\/wp\/v2\/users\/1"}],"replies":[{"embeddable":true,"href":"https:\/\/www.accarochemaure.fr\/index.php?rest_route=%2Fwp%2Fv2%2Fcomments&post=1246"}],"version-history":[{"count":14,"href":"https:\/\/www.accarochemaure.fr\/index.php?rest_route=\/wp\/v2\/posts\/1246\/revisions"}],"predecessor-version":[{"id":1261,"href":"https:\/\/www.accarochemaure.fr\/index.php?rest_route=\/wp\/v2\/posts\/1246\/revisions\/1261"}],"wp:attachment":[{"href":"https:\/\/www.accarochemaure.fr\/index.php?rest_route=%2Fwp%2Fv2%2Fmedia&parent=1246"}],"wp:term":[{"taxonomy":"category","embeddable":true,"href":"https:\/\/www.accarochemaure.fr\/index.php?rest_route=%2Fwp%2Fv2%2Fcategories&post=1246"},{"taxonomy":"post_tag","embeddable":true,"href":"https:\/\/www.accarochemaure.fr\/index.php?rest_route=%2Fwp%2Fv2%2Ftags&post=1246"}],"curies":[{"name":"wp","href":"https:\/\/api.w.org\/{rel}","templated":true}]}}