{"id":1262,"date":"2017-05-31T10:31:17","date_gmt":"2017-05-31T08:31:17","guid":{"rendered":"http:\/\/www.accarochemaure.fr\/?p=1262"},"modified":"2018-03-03T21:44:13","modified_gmt":"2018-03-03T19:44:13","slug":"douverture-fermeture-ardeche","status":"publish","type":"post","link":"https:\/\/www.accarochemaure.fr\/?p=1262","title":{"rendered":"Saison 2017-2018 : Arr\u00eat\u00e9 d&rsquo;ouverture et de fermeture en Ard\u00e8che"},"content":{"rendered":"<p><a href=\"https:\/\/www.accarochemaure.fr\/wp-content\/uploads\/2017\/05\/2017-2018_ArreteOuvertFerm.pdf\"><img loading=\"lazy\" decoding=\"async\" class=\"aligncenter wp-image-1271 size-full\" src=\"https:\/\/i0.wp.com\/www.accarochemaure.fr\/wp-content\/uploads\/2017\/05\/arrete2017-18.png?resize=619%2C299&#038;ssl=1\" alt=\"\" width=\"619\" height=\"299\" srcset=\"https:\/\/i0.wp.com\/www.accarochemaure.fr\/wp-content\/uploads\/2017\/05\/arrete2017-18.png?w=619&amp;ssl=1 619w, https:\/\/i0.wp.com\/www.accarochemaure.fr\/wp-content\/uploads\/2017\/05\/arrete2017-18.png?resize=300%2C145&amp;ssl=1 300w\" sizes=\"auto, (max-width: 619px) 100vw, 619px\" data-recalc-dims=\"1\" \/><\/a>Par l&rsquo;arr\u00eat\u00e9 pr\u00e9fectoral du 22 mai 2017, <strong>la p\u00e9riode d&rsquo;ouverture g\u00e9n\u00e9rale<\/strong> de la chasse \u00e0 tir et de la chasse au vol est fix\u00e9e pour le d\u00e9partement de l&rsquo;Ard\u00e8che :<!--more--><\/p>\n<p style=\"text-align: center;\"><strong>du 10 septembre 2017 \u00e0 7h00 au 28 f\u00e9vrier 2018 \u00e0 au soir.<\/strong><\/p>\n<p style=\"text-align: left;\">L\u2019arr\u00eat\u00e9 fixe \u00e9galement\u00a0les d\u00e9rogations par esp\u00e8ces de gibier.<\/p>\n<p style=\"text-align: left;\"><em>T\u00e9l\u00e9charger <a href=\"https:\/\/www.accarochemaure.fr\/wp-content\/uploads\/2017\/05\/2017-2018_ArreteOuvertFerm.pdf\">le document (pdf)<\/a><\/em><\/p>\n","protected":false},"excerpt":{"rendered":"<p>Par l&rsquo;arr\u00eat\u00e9 pr\u00e9fectoral du 22 mai 2017, l&rsquo;ouverture g\u00e9n\u00e9rale de la chasse est fix\u00e9e en Ard\u00e8che du 10\/09\/2017 \u00e0 7h00 au 28\/02\/2018 au soir.<\/p>\n","protected":false},"author":1,"featured_media":0,"comment_status":"open","ping_status":"open","sticky":false,"template":"","format":"standard","meta":{"_aioseop_title":"Saison 2017-2018 : Arr\u00eat\u00e9 d'ouverture et de fermeture","_aioseop_description":"Par l'arr\u00eat\u00e9 pr\u00e9fectoral du 22 mai 2017, l'ouverture g\u00e9n\u00e9rale de la chasse est fix\u00e9e en Ard\u00e8che du 10\/09\/2017 \u00e0 7h00 au 28\/02\/2018 au soir.","jetpack_post_was_ever_published":false,"_jetpack_newsletter_access":"","_jetpack_dont_email_post_to_subs":false,"_jetpack_newsletter_tier_id":0,"_jetpack_memberships_contains_paywalled_content":false,"_jetpack_memberships_contains_paid_content":false,"footnotes":"","jetpack_publicize_message":"","jetpack_publicize_feature_enabled":true,"jetpack_social_post_already_shared":true,"jetpack_social_options":{"image_generator_settings":{"template":"highway","enabled":false},"version":2}},"categories":[1],"tags":[32,19],"class_list":{"0":"post-1262","1":"post","2":"type-post","3":"status-publish","4":"format-standard","6":"category-informations","7":"tag-arrete","8":"tag-prefecture"},"jetpack_publicize_connections":[],"jetpack_featured_media_url":"","jetpack_shortlink":"https:\/\/wp.me\/p11tZa-km","jetpack_sharing_enabled":true,"_links":{"self":[{"href":"https:\/\/www.accarochemaure.fr\/index.php?rest_route=\/wp\/v2\/posts\/1262","targetHints":{"allow":["GET"]}}],"collection":[{"href":"https:\/\/www.accarochemaure.fr\/index.php?rest_route=\/wp\/v2\/posts"}],"about":[{"href":"https:\/\/www.accarochemaure.fr\/index.php?rest_route=\/wp\/v2\/types\/post"}],"author":[{"embeddable":true,"href":"https:\/\/www.accarochemaure.fr\/index.php?rest_route=\/wp\/v2\/users\/1"}],"replies":[{"embeddable":true,"href":"https:\/\/www.accarochemaure.fr\/index.php?rest_route=%2Fwp%2Fv2%2Fcomments&post=1262"}],"version-history":[{"count":13,"href":"https:\/\/www.accarochemaure.fr\/index.php?rest_route=\/wp\/v2\/posts\/1262\/revisions"}],"predecessor-version":[{"id":1364,"href":"https:\/\/www.accarochemaure.fr\/index.php?rest_route=\/wp\/v2\/posts\/1262\/revisions\/1364"}],"wp:attachment":[{"href":"https:\/\/www.accarochemaure.fr\/index.php?rest_route=%2Fwp%2Fv2%2Fmedia&parent=1262"}],"wp:term":[{"taxonomy":"category","embeddable":true,"href":"https:\/\/www.accarochemaure.fr\/index.php?rest_route=%2Fwp%2Fv2%2Fcategories&post=1262"},{"taxonomy":"post_tag","embeddable":true,"href":"https:\/\/www.accarochemaure.fr\/index.php?rest_route=%2Fwp%2Fv2%2Ftags&post=1262"}],"curies":[{"name":"wp","href":"https:\/\/api.w.org\/{rel}","templated":true}]}}