{"id":1430,"date":"2018-05-30T22:45:45","date_gmt":"2018-05-30T20:45:45","guid":{"rendered":"http:\/\/www.accarochemaure.fr\/?p=1430"},"modified":"2018-05-30T22:52:25","modified_gmt":"2018-05-30T20:52:25","slug":"campagne-douverture-fermeture","status":"publish","type":"post","link":"https:\/\/www.accarochemaure.fr\/?p=1430","title":{"rendered":"Campagne 2018-2019 : Arr\u00eat\u00e9 d\u2019ouverture et de fermeture de la chasse en Ard\u00e8che"},"content":{"rendered":"<p><a href=\"https:\/\/i0.wp.com\/www.accarochemaure.fr\/wp-content\/uploads\/2018\/05\/arrete2018-2019.png?ssl=1\"><img loading=\"lazy\" decoding=\"async\" class=\"aligncenter wp-image-1431 size-full\" src=\"https:\/\/i0.wp.com\/www.accarochemaure.fr\/wp-content\/uploads\/2018\/05\/arrete2018-2019.png?resize=658%2C305&#038;ssl=1\" alt=\"\" width=\"658\" height=\"305\" srcset=\"https:\/\/i0.wp.com\/www.accarochemaure.fr\/wp-content\/uploads\/2018\/05\/arrete2018-2019.png?w=658&amp;ssl=1 658w, https:\/\/i0.wp.com\/www.accarochemaure.fr\/wp-content\/uploads\/2018\/05\/arrete2018-2019.png?resize=300%2C139&amp;ssl=1 300w\" sizes=\"auto, (max-width: 658px) 100vw, 658px\" data-recalc-dims=\"1\" \/><\/a><\/p>\n<p>Par l\u2019arr\u00eat\u00e9 pr\u00e9fectoral du 28 mai 2018,\u00a0<strong>la p\u00e9riode d\u2019ouverture g\u00e9n\u00e9rale<\/strong>\u00a0de la chasse \u00e0 tir et de la chasse au vol est fix\u00e9e pour le d\u00e9partement de l\u2019Ard\u00e8che :<\/p>\n<p style=\"text-align: center;\"><strong>du 9 septembre 2018 \u00e0 7h00 au 28 f\u00e9vrier 2019 au soir.<\/strong><\/p>\n<p>L\u2019arr\u00eat\u00e9 fixe \u00e9galement\u00a0les d\u00e9rogations \u00e0 ces dates par esp\u00e8ces de gibier. Il est \u00e0 noter que pour <strong>le chevreuil, le sanglier et le renard, l&rsquo;ouverture est fix\u00e9e<\/strong> encore cette ann\u00e9e<strong> au 1\u00b0 juin.<\/strong><\/p>\n<p><a href=\"https:\/\/www.accarochemaure.fr\/wp-content\/uploads\/2018\/05\/2018-2019_ArreteOuvFerm-Pref.pdf\"><em>T\u00e9l\u00e9charger l\u2019arr\u00eat\u00e9 2018 &#8211; 2019 (pdf)<\/em><\/a><\/p>\n","protected":false},"excerpt":{"rendered":"<p>Par l\u2019arr\u00eat\u00e9 pr\u00e9fectoral du 28 mai 2018,\u00a0la p\u00e9riode d\u2019ouverture g\u00e9n\u00e9rale\u00a0de la chasse est fix\u00e9e pour l\u2019Ard\u00e8che :<br \/>\ndu 9 septembre 2018 \u00e0 7h00 au 28 f\u00e9vrier 2019 au soir.<\/p>\n","protected":false},"author":1,"featured_media":0,"comment_status":"open","ping_status":"open","sticky":false,"template":"","format":"standard","meta":{"_aioseop_title":"","_aioseop_description":"Par l\u2019arr\u00eat\u00e9 pr\u00e9fectoral du 28 mai 2018,\u00a0la p\u00e9riode d\u2019ouverture g\u00e9n\u00e9rale\u00a0de la chasse est fix\u00e9e pour l\u2019Ard\u00e8che :\r\ndu 9 septembre 2018 \u00e0 7h00 au 28 f\u00e9vrier 2019 au soir.","jetpack_post_was_ever_published":false,"_jetpack_newsletter_access":"","_jetpack_dont_email_post_to_subs":false,"_jetpack_newsletter_tier_id":0,"_jetpack_memberships_contains_paywalled_content":false,"_jetpack_memberships_contains_paid_content":false,"footnotes":"","jetpack_publicize_message":"","jetpack_publicize_feature_enabled":true,"jetpack_social_post_already_shared":true,"jetpack_social_options":{"image_generator_settings":{"template":"highway","enabled":false},"version":2}},"categories":[1],"tags":[32,19],"class_list":{"0":"post-1430","1":"post","2":"type-post","3":"status-publish","4":"format-standard","6":"category-informations","7":"tag-arrete","8":"tag-prefecture"},"jetpack_publicize_connections":[],"jetpack_featured_media_url":"","jetpack_shortlink":"https:\/\/wp.me\/p11tZa-n4","jetpack_sharing_enabled":true,"_links":{"self":[{"href":"https:\/\/www.accarochemaure.fr\/index.php?rest_route=\/wp\/v2\/posts\/1430","targetHints":{"allow":["GET"]}}],"collection":[{"href":"https:\/\/www.accarochemaure.fr\/index.php?rest_route=\/wp\/v2\/posts"}],"about":[{"href":"https:\/\/www.accarochemaure.fr\/index.php?rest_route=\/wp\/v2\/types\/post"}],"author":[{"embeddable":true,"href":"https:\/\/www.accarochemaure.fr\/index.php?rest_route=\/wp\/v2\/users\/1"}],"replies":[{"embeddable":true,"href":"https:\/\/www.accarochemaure.fr\/index.php?rest_route=%2Fwp%2Fv2%2Fcomments&post=1430"}],"version-history":[{"count":10,"href":"https:\/\/www.accarochemaure.fr\/index.php?rest_route=\/wp\/v2\/posts\/1430\/revisions"}],"predecessor-version":[{"id":1441,"href":"https:\/\/www.accarochemaure.fr\/index.php?rest_route=\/wp\/v2\/posts\/1430\/revisions\/1441"}],"wp:attachment":[{"href":"https:\/\/www.accarochemaure.fr\/index.php?rest_route=%2Fwp%2Fv2%2Fmedia&parent=1430"}],"wp:term":[{"taxonomy":"category","embeddable":true,"href":"https:\/\/www.accarochemaure.fr\/index.php?rest_route=%2Fwp%2Fv2%2Fcategories&post=1430"},{"taxonomy":"post_tag","embeddable":true,"href":"https:\/\/www.accarochemaure.fr\/index.php?rest_route=%2Fwp%2Fv2%2Ftags&post=1430"}],"curies":[{"name":"wp","href":"https:\/\/api.w.org\/{rel}","templated":true}]}}