{"id":1513,"date":"2018-08-03T22:27:32","date_gmt":"2018-08-03T20:27:32","guid":{"rendered":"http:\/\/www.accarochemaure.fr\/?p=1513"},"modified":"2018-08-03T22:33:09","modified_gmt":"2018-08-03T20:33:09","slug":"derniere-ouvertures-oiseaux-migrateurs","status":"publish","type":"post","link":"https:\/\/www.accarochemaure.fr\/?p=1513","title":{"rendered":"Dates 2018-2019 d&rsquo;ouverture de la chasse aux oiseaux migrateurs"},"content":{"rendered":"<p><a href=\"https:\/\/i0.wp.com\/www.accarochemaure.fr\/wp-content\/uploads\/2018\/08\/Migrateurs.jpg?ssl=1\"><img loading=\"lazy\" decoding=\"async\" class=\"alignleft  wp-image-1514\" src=\"https:\/\/i0.wp.com\/www.accarochemaure.fr\/wp-content\/uploads\/2018\/08\/Migrateurs.jpg?resize=243%2C171&#038;ssl=1\" alt=\"\" width=\"243\" height=\"171\" data-recalc-dims=\"1\" \/><\/a>La F\u00e9d\u00e9ration D\u00e9partementale des chasseurs de l&rsquo;Ard\u00e8che vient de publier l&rsquo;agenda des dates de d\u00e9but de chasse des diff\u00e9rentes esp\u00e8ces d&rsquo;oiseaux migrateurs pour la saison 2018-2019.<\/p>\n<blockquote>\n<p><a href=\"https:\/\/www.accarochemaure.fr\/wp-content\/uploads\/2018\/08\/Ouverture-oiseaux-migrateurs-2018.pdf\"><em>T\u00e9l\u00e9charger le document (pdf)<\/em><\/a><\/p>\n<\/blockquote>\n<p>&nbsp;<\/p>\n","protected":false},"excerpt":{"rendered":"<p>La F\u00e9d\u00e9ration D\u00e9partementale des chasseurs de l&rsquo;Ard\u00e8che vient de publier l&rsquo;agenda 2018-2019 des dates de d\u00e9buts de chasse des diff\u00e9rentes esp\u00e8ces d&rsquo;oiseaux migrateurs pour la saison 2018-2019.<\/p>\n","protected":false},"author":1,"featured_media":0,"comment_status":"open","ping_status":"open","sticky":false,"template":"","format":"standard","meta":{"_aioseop_title":"Dates des ouvertures pour les oiseaux migrateurs 2018 en Ard\u00e8che","_aioseop_description":"La F\u00e9d\u00e9ration D\u00e9partementale des chasseurs de l'Ard\u00e8che vient de publier l'agenda 2018-2019 des dates de d\u00e9buts de chasse des diff\u00e9rentes esp\u00e8ces d'oiseaux migrateurs pour la saison 2018-2019.","jetpack_post_was_ever_published":false,"_jetpack_newsletter_access":"","_jetpack_dont_email_post_to_subs":false,"_jetpack_newsletter_tier_id":0,"_jetpack_memberships_contains_paywalled_content":false,"_jetpack_memberships_contains_paid_content":false,"footnotes":"","jetpack_publicize_message":"","jetpack_publicize_feature_enabled":true,"jetpack_social_post_already_shared":true,"jetpack_social_options":{"image_generator_settings":{"template":"highway","enabled":false},"version":2}},"categories":[3],"tags":[22,24],"class_list":{"0":"post-1513","1":"post","2":"type-post","3":"status-publish","4":"format-standard","6":"category-rendez-vous","7":"tag-fdcardeche","8":"tag-migrateurs"},"jetpack_publicize_connections":[],"jetpack_featured_media_url":"","jetpack_shortlink":"https:\/\/wp.me\/p11tZa-op","jetpack_sharing_enabled":true,"_links":{"self":[{"href":"https:\/\/www.accarochemaure.fr\/index.php?rest_route=\/wp\/v2\/posts\/1513","targetHints":{"allow":["GET"]}}],"collection":[{"href":"https:\/\/www.accarochemaure.fr\/index.php?rest_route=\/wp\/v2\/posts"}],"about":[{"href":"https:\/\/www.accarochemaure.fr\/index.php?rest_route=\/wp\/v2\/types\/post"}],"author":[{"embeddable":true,"href":"https:\/\/www.accarochemaure.fr\/index.php?rest_route=\/wp\/v2\/users\/1"}],"replies":[{"embeddable":true,"href":"https:\/\/www.accarochemaure.fr\/index.php?rest_route=%2Fwp%2Fv2%2Fcomments&post=1513"}],"version-history":[{"count":6,"href":"https:\/\/www.accarochemaure.fr\/index.php?rest_route=\/wp\/v2\/posts\/1513\/revisions"}],"predecessor-version":[{"id":1520,"href":"https:\/\/www.accarochemaure.fr\/index.php?rest_route=\/wp\/v2\/posts\/1513\/revisions\/1520"}],"wp:attachment":[{"href":"https:\/\/www.accarochemaure.fr\/index.php?rest_route=%2Fwp%2Fv2%2Fmedia&parent=1513"}],"wp:term":[{"taxonomy":"category","embeddable":true,"href":"https:\/\/www.accarochemaure.fr\/index.php?rest_route=%2Fwp%2Fv2%2Fcategories&post=1513"},{"taxonomy":"post_tag","embeddable":true,"href":"https:\/\/www.accarochemaure.fr\/index.php?rest_route=%2Fwp%2Fv2%2Ftags&post=1513"}],"curies":[{"name":"wp","href":"https:\/\/api.w.org\/{rel}","templated":true}]}}