{"id":1577,"date":"2019-08-14T08:47:10","date_gmt":"2019-08-14T06:47:10","guid":{"rendered":"http:\/\/www.accarochemaure.fr\/?p=1577"},"modified":"2019-08-14T08:47:10","modified_gmt":"2019-08-14T06:47:10","slug":"fdc07-douverture-migrateurs","status":"publish","type":"post","link":"https:\/\/www.accarochemaure.fr\/?p=1577","title":{"rendered":"[FDC07] Dates d\u2019ouverture des migrateurs pour l\u2019\u00e9t\u00e9 2019"},"content":{"rendered":"<p><img loading=\"lazy\" decoding=\"async\" class=\"alignleft  wp-image-1579\" src=\"https:\/\/i0.wp.com\/www.accarochemaure.fr\/wp-content\/uploads\/2019\/08\/OiseauxMigrateurs_1920.jpg?resize=240%2C162&#038;ssl=1\" alt=\"\" width=\"240\" height=\"162\" data-recalc-dims=\"1\" \/>La F\u00e9d\u00e9ration D\u00e9partementale des chasseurs de l\u2019Ard\u00e8che vient de publier l\u2019agenda des dates de d\u00e9but de chasse des diff\u00e9rentes esp\u00e8ces d\u2019oiseaux migrateurs.<\/p>\n<p><a href=\"https:\/\/www.accarochemaure.fr\/wp-content\/uploads\/2019\/08\/2019-08-12-dates-ouverture-oiseaux-migrateurs.pdf\" target=\"_blank\" rel=\"noopener noreferrer\">T\u00e9l\u00e9charger le document (pdf)<\/a><\/p>\n","protected":false},"excerpt":{"rendered":"<p>La F\u00e9d\u00e9ration des chasseurs de l\u2019Ard\u00e8che vient de publier l\u2019agenda des dates de d\u00e9but de chasse des diff\u00e9rentes esp\u00e8ces d\u2019oiseaux migrateurs.<\/p>\n","protected":false},"author":1,"featured_media":0,"comment_status":"open","ping_status":"open","sticky":false,"template":"","format":"standard","meta":{"_aioseop_title":"","_aioseop_description":"La F\u00e9d\u00e9ration des chasseurs de l\u2019Ard\u00e8che vient de publier l\u2019agenda des dates de d\u00e9but de chasse des diff\u00e9rentes esp\u00e8ces d\u2019oiseaux migrateurs.","jetpack_post_was_ever_published":false,"_jetpack_newsletter_access":"","_jetpack_dont_email_post_to_subs":false,"_jetpack_newsletter_tier_id":0,"_jetpack_memberships_contains_paywalled_content":false,"_jetpack_memberships_contains_paid_content":false,"footnotes":"","jetpack_publicize_message":"","jetpack_publicize_feature_enabled":true,"jetpack_social_post_already_shared":true,"jetpack_social_options":{"image_generator_settings":{"template":"highway","enabled":false},"version":2}},"categories":[1],"tags":[10,22,24],"class_list":{"0":"post-1577","1":"post","2":"type-post","3":"status-publish","4":"format-standard","6":"category-informations","7":"tag-agenda","8":"tag-fdcardeche","9":"tag-migrateurs"},"jetpack_publicize_connections":[],"jetpack_featured_media_url":"","jetpack_shortlink":"https:\/\/wp.me\/p11tZa-pr","jetpack_sharing_enabled":true,"_links":{"self":[{"href":"https:\/\/www.accarochemaure.fr\/index.php?rest_route=\/wp\/v2\/posts\/1577","targetHints":{"allow":["GET"]}}],"collection":[{"href":"https:\/\/www.accarochemaure.fr\/index.php?rest_route=\/wp\/v2\/posts"}],"about":[{"href":"https:\/\/www.accarochemaure.fr\/index.php?rest_route=\/wp\/v2\/types\/post"}],"author":[{"embeddable":true,"href":"https:\/\/www.accarochemaure.fr\/index.php?rest_route=\/wp\/v2\/users\/1"}],"replies":[{"embeddable":true,"href":"https:\/\/www.accarochemaure.fr\/index.php?rest_route=%2Fwp%2Fv2%2Fcomments&post=1577"}],"version-history":[{"count":3,"href":"https:\/\/www.accarochemaure.fr\/index.php?rest_route=\/wp\/v2\/posts\/1577\/revisions"}],"predecessor-version":[{"id":1583,"href":"https:\/\/www.accarochemaure.fr\/index.php?rest_route=\/wp\/v2\/posts\/1577\/revisions\/1583"}],"wp:attachment":[{"href":"https:\/\/www.accarochemaure.fr\/index.php?rest_route=%2Fwp%2Fv2%2Fmedia&parent=1577"}],"wp:term":[{"taxonomy":"category","embeddable":true,"href":"https:\/\/www.accarochemaure.fr\/index.php?rest_route=%2Fwp%2Fv2%2Fcategories&post=1577"},{"taxonomy":"post_tag","embeddable":true,"href":"https:\/\/www.accarochemaure.fr\/index.php?rest_route=%2Fwp%2Fv2%2Ftags&post=1577"}],"curies":[{"name":"wp","href":"https:\/\/api.w.org\/{rel}","templated":true}]}}