{"id":1585,"date":"2019-09-05T21:50:01","date_gmt":"2019-09-05T19:50:01","guid":{"rendered":"http:\/\/www.accarochemaure.fr\/?p=1585"},"modified":"2020-09-12T22:32:47","modified_gmt":"2020-09-12T20:32:47","slug":"douverture-chasse-tourterelle","status":"publish","type":"post","link":"https:\/\/www.accarochemaure.fr\/?p=1585","title":{"rendered":"[FDC07] Communiqu\u00e9 du 30\/08\/19 sur l&rsquo;ouverture de la chasse \u00e0 la Tourterelle des bois"},"content":{"rendered":"<h4 style=\"text-align: center;\">\u00a0F\u00e9d\u00e9ration D\u00e9partementale des Chasseurs de l\u2019Ard\u00e8che <br \/>\nCommuniqu\u00e9 du 30\/08\/19<\/h4>\n<p><span style=\"color: #333333; background-color: #ffcc99;\"><strong>A la veille de la date d\u2019ouverture de la chasse de la Tourterelle des bois,<\/strong><\/span> cette saison <strong>l\u2019incertitude r\u00e8gne<\/strong> encore quant aux modalit\u00e9s de celle-ci. <br \/>\nPourtant un projet d\u2019arr\u00eat\u00e9 avait \u00e9t\u00e9 \u00e9tudi\u00e9 au CNCFS du 2 juillet et mis en consultation publique.<br \/>\nIl pr\u00e9voyait un quota de 30 000 tourterelles alors que le comit\u00e9 d\u2019expert sur la gestion adaptative pr\u00e9conisait un quota \u00e0 0 ou \u00e0 18 300.<br \/>\nIl aurait d\u00fb \u00eatre publi\u00e9 en m\u00eame temps que celui sur le courlis d\u00e9but ao\u00fbt.<\/p>\n<p>Or fin juillet la commission europ\u00e9enne a mis en demeure la France et l\u2019Espagne sur la chasse \u00e0 la tourterelle. <br \/>\nAujourd\u2019hui, nous ne savons pas si la ministre va signer un arr\u00eat\u00e9 et avec quel quota.<\/p>\n<p>Il y a donc deux alternatives : <br \/>\n<span style=\"background-color: #00ff00;\">&#8211;<strong> Soit le projet d\u2019arr\u00eat\u00e9 sur le quota de Tourterelles est publi\u00e9 demain<\/strong><\/span> et alors la tourterelle rentre bien dans la gestion adaptative. Sous r\u00e9serve de surprises de derni\u00e8re minute dans cet arr\u00eat\u00e9,<\/p>\n<p><strong> les modalit\u00e9s de chasse seront les suivantes :<\/strong><\/p>\n<ul>\n<li><strong>quota national collectif, ChassAdapt obligatoire et<\/strong><\/li>\n<li><strong>collecte d\u2019ailes sur un \u00e9chantillon des individus pr\u00e9lev\u00e9s<\/strong>. <br \/>\nLe protocole de collecte d\u2019ailes vous sera communiqu\u00e9 dans les plus brefs d\u00e9lais par la FNC.<\/li>\n<\/ul>\n<p><span style=\"background-color: #00ff00;\"><strong>&#8211; Soit le projet d\u2019arr\u00eat\u00e9 n\u2019est pas publi\u00e9<\/strong><\/span>. C\u2019est alors le r\u00e9gime commun de la chasse de cette esp\u00e8ce (Arr\u00eat\u00e9 minist\u00e9riel du 24 mars 2016 modifi\u00e9) qui s\u2019appliquera<\/p>\n<ul>\n<li><strong> pas de quota, <\/strong><\/li>\n<li><strong>pas de ChassAdapt obligatoire, <\/strong><\/li>\n<li><strong>pas de collecte d\u2019ailes.<\/strong><\/li>\n<\/ul>\n<p><strong>Dans tous les cas, il vous faut t\u00e9l\u00e9charger et installer l\u2019application <span style=\"background-color: #ffcc99;\">CHASSADAPT sur votre t\u00e9l\u00e9phone<\/span><\/strong><em> (depuis Google Play ou App Store).<\/em><strong><span style=\"background-color: #ffcc99;\"><br \/>\n<\/span><\/strong><\/p>\n<h4><span style=\"color: #ff0000;\">Comment l&rsquo;utiliser ?<br \/>\n<\/span><\/h4>\n<p><span style=\"color: #333333; background-color: #ffcc99;\"><strong>Je visionne la vid\u00e9o sur CHASSADAPT<\/strong> <\/span><\/p>\n<p><span class=\"embed-youtube\" style=\"text-align:center; display: block;\"><iframe loading=\"lazy\" class=\"youtube-player\" width=\"678\" height=\"382\" src=\"https:\/\/www.youtube.com\/embed\/6PcGKnK3zps?version=3&#038;rel=1&#038;showsearch=0&#038;showinfo=1&#038;iv_load_policy=1&#038;fs=1&#038;hl=fr-FR&#038;autohide=2&#038;wmode=transparent\" allowfullscreen=\"true\" style=\"border:0;\" sandbox=\"allow-scripts allow-same-origin allow-popups allow-presentation allow-popups-to-escape-sandbox\"><\/iframe><\/span><\/p>\n<p><span style=\"background-color: #ffcc99;\"><strong>Je compl\u00e8te mon information gr\u00e2ce au mode d\u2019emploi<\/strong> <\/span><br \/>\n<a href=\"https:\/\/www.chasseardeche.fr\/images\/actualites\/mode_emploi_et_description_chasseadapt.pdf\">T\u00e9l\u00e9charger le mode d&#8217;emploi (pdf)<\/a><\/p>\n<h4><span style=\"color: #ff0000;\">Quelque soit la d\u00e9cision, je serai pr\u00eat pour chasser demain !<br \/>\n<\/span><\/h4>\n<p><em><a href=\"https:\/\/www.accarochemaure.fr\/wp-content\/uploads\/2019\/09\/Conditions-ouverture-Tourterelles-des-bois.pdf\">&gt; T\u00e9l\u00e9charger le communiqu\u00e9 officiel (pdf)<\/a><\/em><\/p>\n","protected":false},"excerpt":{"rendered":"<p>A la veille de la date d\u2019ouverture de la chasse de la Tourterelle des bois cette saison, l\u2019incertitude r\u00e8gne encore quant aux modalit\u00e9s de celle-ci.<\/p>\n","protected":false},"author":1,"featured_media":0,"comment_status":"open","ping_status":"open","sticky":false,"template":"","format":"standard","meta":{"_aioseop_title":"[FDC07] Ouverture de la chasse \u00e0 la Tourterelle des bois","_aioseop_description":"A la veille de la date d\u2019ouverture de la chasse de la Tourterelle des bois cette saison, l\u2019incertitude r\u00e8gne encore quant aux modalit\u00e9s de celle-ci.","jetpack_post_was_ever_published":false,"_jetpack_newsletter_access":"","_jetpack_dont_email_post_to_subs":false,"_jetpack_newsletter_tier_id":0,"_jetpack_memberships_contains_paywalled_content":false,"_jetpack_memberships_contains_paid_content":false,"footnotes":"","jetpack_publicize_message":"","jetpack_publicize_feature_enabled":true,"jetpack_social_post_already_shared":true,"jetpack_social_options":{"image_generator_settings":{"template":"highway","enabled":false},"version":2}},"categories":[1],"tags":[22],"class_list":{"0":"post-1585","1":"post","2":"type-post","3":"status-publish","4":"format-standard","6":"category-informations","7":"tag-fdcardeche"},"jetpack_publicize_connections":[],"jetpack_featured_media_url":"","jetpack_shortlink":"https:\/\/wp.me\/p11tZa-pz","jetpack_sharing_enabled":true,"_links":{"self":[{"href":"https:\/\/www.accarochemaure.fr\/index.php?rest_route=\/wp\/v2\/posts\/1585","targetHints":{"allow":["GET"]}}],"collection":[{"href":"https:\/\/www.accarochemaure.fr\/index.php?rest_route=\/wp\/v2\/posts"}],"about":[{"href":"https:\/\/www.accarochemaure.fr\/index.php?rest_route=\/wp\/v2\/types\/post"}],"author":[{"embeddable":true,"href":"https:\/\/www.accarochemaure.fr\/index.php?rest_route=\/wp\/v2\/users\/1"}],"replies":[{"embeddable":true,"href":"https:\/\/www.accarochemaure.fr\/index.php?rest_route=%2Fwp%2Fv2%2Fcomments&post=1585"}],"version-history":[{"count":19,"href":"https:\/\/www.accarochemaure.fr\/index.php?rest_route=\/wp\/v2\/posts\/1585\/revisions"}],"predecessor-version":[{"id":1657,"href":"https:\/\/www.accarochemaure.fr\/index.php?rest_route=\/wp\/v2\/posts\/1585\/revisions\/1657"}],"wp:attachment":[{"href":"https:\/\/www.accarochemaure.fr\/index.php?rest_route=%2Fwp%2Fv2%2Fmedia&parent=1585"}],"wp:term":[{"taxonomy":"category","embeddable":true,"href":"https:\/\/www.accarochemaure.fr\/index.php?rest_route=%2Fwp%2Fv2%2Fcategories&post=1585"},{"taxonomy":"post_tag","embeddable":true,"href":"https:\/\/www.accarochemaure.fr\/index.php?rest_route=%2Fwp%2Fv2%2Ftags&post=1585"}],"curies":[{"name":"wp","href":"https:\/\/api.w.org\/{rel}","templated":true}]}}