{"id":1852,"date":"2022-08-18T23:21:06","date_gmt":"2022-08-18T21:21:06","guid":{"rendered":"https:\/\/www.accarochemaure.fr\/?p=1852"},"modified":"2022-08-18T23:21:06","modified_gmt":"2022-08-18T21:21:06","slug":"ouverture-migrateurs-rectificatif","status":"publish","type":"post","link":"https:\/\/www.accarochemaure.fr\/?p=1852","title":{"rendered":"[FDC07] Ouverture chasse des oiseaux migrateurs &#8211; Rectificatif du 25\/07"},"content":{"rendered":"<p style=\"text-align: center;\"><strong><a href=\"https:\/\/i0.wp.com\/www.accarochemaure.fr\/wp-content\/uploads\/2019\/08\/OiseauxMigrateurs_1920.jpg?ssl=1\"><img loading=\"lazy\" decoding=\"async\" class=\"alignleft size-medium wp-image-1579\" src=\"https:\/\/i0.wp.com\/www.accarochemaure.fr\/wp-content\/uploads\/2019\/08\/OiseauxMigrateurs_1920.jpg?resize=300%2C199&#038;ssl=1\" alt=\"\" width=\"300\" height=\"199\" srcset=\"https:\/\/i0.wp.com\/www.accarochemaure.fr\/wp-content\/uploads\/2019\/08\/OiseauxMigrateurs_1920.jpg?resize=300%2C199&amp;ssl=1 300w, https:\/\/i0.wp.com\/www.accarochemaure.fr\/wp-content\/uploads\/2019\/08\/OiseauxMigrateurs_1920.jpg?resize=768%2C510&amp;ssl=1 768w, https:\/\/i0.wp.com\/www.accarochemaure.fr\/wp-content\/uploads\/2019\/08\/OiseauxMigrateurs_1920.jpg?resize=1024%2C681&amp;ssl=1 1024w, https:\/\/i0.wp.com\/www.accarochemaure.fr\/wp-content\/uploads\/2019\/08\/OiseauxMigrateurs_1920.jpg?w=1920&amp;ssl=1 1920w, https:\/\/i0.wp.com\/www.accarochemaure.fr\/wp-content\/uploads\/2019\/08\/OiseauxMigrateurs_1920.jpg?w=1356&amp;ssl=1 1356w\" sizes=\"auto, (max-width: 300px) 100vw, 300px\" data-recalc-dims=\"1\" \/><\/a>Ouverture de la chasse aux canards<\/strong><\/p>\n<p>Une petite erreur s\u2019est gliss\u00e9e dans la pr\u00e9c\u00e9dente note de la F\u00e9d\u00e9ration D\u00e9partementale de Chasse du 07, <strong>il fallait lire dimanche 21 ao\u00fbt et NON samedi 20 ao\u00fbt.<\/strong><\/p>\n<p><strong><a href=\"https:\/\/www.accarochemaure.fr\/wp-content\/uploads\/2015\/06\/Ouverture-oiseaux-migrateurs-2022-2023-Rectif.pdf\">&gt; T\u00e9l\u00e9charger la note modifi\u00e9e (pdf)<\/a><\/strong><\/p>\n","protected":false},"excerpt":{"rendered":"<p>Chasse aux canards : Une erreur s\u2019est gliss\u00e9e dans la pr\u00e9c\u00e9dente note de la FDC07, il fallait lire dimanche 21 ao\u00fbt et NON samedi 20 ao\u00fbt.<\/p>\n","protected":false},"author":1,"featured_media":1579,"comment_status":"open","ping_status":"open","sticky":false,"template":"","format":"standard","meta":{"_aioseop_title":"[FDC07] Ouverture chasse des oiseaux migrateurs - Rectificatif du 25\/07","_aioseop_description":"Chasse aux canards : Une erreur s\u2019est gliss\u00e9e dans la pr\u00e9c\u00e9dente note de la FDC07, il fallait lire dimanche 21 ao\u00fbt et NON samedi 20 ao\u00fbt.","jetpack_post_was_ever_published":false,"_jetpack_newsletter_access":"","_jetpack_dont_email_post_to_subs":false,"_jetpack_newsletter_tier_id":0,"_jetpack_memberships_contains_paywalled_content":false,"_jetpack_memberships_contains_paid_content":false,"footnotes":"","jetpack_publicize_message":"","jetpack_publicize_feature_enabled":true,"jetpack_social_post_already_shared":true,"jetpack_social_options":{"image_generator_settings":{"template":"highway","enabled":false},"version":2}},"categories":[1],"tags":[22,24],"class_list":{"0":"post-1852","1":"post","2":"type-post","3":"status-publish","4":"format-standard","5":"has-post-thumbnail","7":"category-informations","8":"tag-fdcardeche","9":"tag-migrateurs"},"jetpack_publicize_connections":[],"jetpack_featured_media_url":"https:\/\/i0.wp.com\/www.accarochemaure.fr\/wp-content\/uploads\/2019\/08\/OiseauxMigrateurs_1920.jpg?fit=1920%2C1276&ssl=1","jetpack_shortlink":"https:\/\/wp.me\/p11tZa-tS","jetpack_sharing_enabled":true,"_links":{"self":[{"href":"https:\/\/www.accarochemaure.fr\/index.php?rest_route=\/wp\/v2\/posts\/1852","targetHints":{"allow":["GET"]}}],"collection":[{"href":"https:\/\/www.accarochemaure.fr\/index.php?rest_route=\/wp\/v2\/posts"}],"about":[{"href":"https:\/\/www.accarochemaure.fr\/index.php?rest_route=\/wp\/v2\/types\/post"}],"author":[{"embeddable":true,"href":"https:\/\/www.accarochemaure.fr\/index.php?rest_route=\/wp\/v2\/users\/1"}],"replies":[{"embeddable":true,"href":"https:\/\/www.accarochemaure.fr\/index.php?rest_route=%2Fwp%2Fv2%2Fcomments&post=1852"}],"version-history":[{"count":3,"href":"https:\/\/www.accarochemaure.fr\/index.php?rest_route=\/wp\/v2\/posts\/1852\/revisions"}],"predecessor-version":[{"id":1855,"href":"https:\/\/www.accarochemaure.fr\/index.php?rest_route=\/wp\/v2\/posts\/1852\/revisions\/1855"}],"wp:featuredmedia":[{"embeddable":true,"href":"https:\/\/www.accarochemaure.fr\/index.php?rest_route=\/wp\/v2\/media\/1579"}],"wp:attachment":[{"href":"https:\/\/www.accarochemaure.fr\/index.php?rest_route=%2Fwp%2Fv2%2Fmedia&parent=1852"}],"wp:term":[{"taxonomy":"category","embeddable":true,"href":"https:\/\/www.accarochemaure.fr\/index.php?rest_route=%2Fwp%2Fv2%2Fcategories&post=1852"},{"taxonomy":"post_tag","embeddable":true,"href":"https:\/\/www.accarochemaure.fr\/index.php?rest_route=%2Fwp%2Fv2%2Ftags&post=1852"}],"curies":[{"name":"wp","href":"https:\/\/api.w.org\/{rel}","templated":true}]}}