{"id":199,"date":"2011-01-08T12:28:14","date_gmt":"2011-01-08T10:28:14","guid":{"rendered":"http:\/\/www.accarochemaure.fr\/?p=199"},"modified":"2011-01-08T12:28:14","modified_gmt":"2011-01-08T10:28:14","slug":"a-consulter-durgence-les-dates-de-fermeture-pour-les-migrateurs","status":"publish","type":"post","link":"https:\/\/www.accarochemaure.fr\/?p=199","title":{"rendered":"A consulter d&rsquo;urgence: Les dates de fermeture pour les migrateurs"},"content":{"rendered":"<p>Parues le 4 janvier, le document de F\u00e9d\u00e9ration de l&rsquo;Ard\u00e8che stipulant les dates de fermeture de la chasse aux diff\u00e9rents migrateurs est disponible.<\/p>\n<blockquote><p><em>T\u00e9l\u00e9charger le document : <a href=\"https:\/\/www.accarochemaure.fr\/wp-content\/uploads\/2011\/01\/derniere-minute-fermeture-migrateurs-2011.pdf\">agenda de fermeture de la chasse aux migrateurs<\/a><\/em><\/p><\/blockquote>\n<p><em><strong>Un aper\u00e7u du document<\/strong><\/em><\/p>\n<p style=\"text-align: center;\"><img loading=\"lazy\" decoding=\"async\" class=\"size-full wp-image-201 aligncenter\" title=\"Fermeture-migrateurs-2011\" src=\"https:\/\/i0.wp.com\/www.accarochemaure.fr\/wp-content\/uploads\/2011\/01\/Fermeture-migrateurs-2011.png?resize=464%2C602&#038;ssl=1\" alt=\"\" width=\"464\" height=\"602\" srcset=\"https:\/\/i0.wp.com\/www.accarochemaure.fr\/wp-content\/uploads\/2011\/01\/Fermeture-migrateurs-2011.png?w=464&amp;ssl=1 464w, https:\/\/i0.wp.com\/www.accarochemaure.fr\/wp-content\/uploads\/2011\/01\/Fermeture-migrateurs-2011.png?resize=231%2C300&amp;ssl=1 231w, https:\/\/i0.wp.com\/www.accarochemaure.fr\/wp-content\/uploads\/2011\/01\/Fermeture-migrateurs-2011.png?resize=115%2C150&amp;ssl=1 115w\" sizes=\"auto, (max-width: 464px) 100vw, 464px\" data-recalc-dims=\"1\" \/><\/p>\n","protected":false},"excerpt":{"rendered":"<p>Parues le 4 janvier, le document de F\u00e9d\u00e9ration de l&rsquo;Ard\u00e8che stipulant les dates de fermeture de la chasse aux diff\u00e9rents migrateurs est disponible. T\u00e9l\u00e9charger le document : agenda de fermeture de la chasse aux migrateurs Un aper\u00e7u du document<\/p>\n","protected":false},"author":1,"featured_media":0,"comment_status":"closed","ping_status":"open","sticky":false,"template":"","format":"standard","meta":{"_aioseop_title":"","_aioseop_description":"","jetpack_post_was_ever_published":false,"_jetpack_newsletter_access":"","_jetpack_dont_email_post_to_subs":false,"_jetpack_newsletter_tier_id":0,"_jetpack_memberships_contains_paywalled_content":false,"_jetpack_memberships_contains_paid_content":false,"footnotes":"","jetpack_publicize_message":"","jetpack_publicize_feature_enabled":true,"jetpack_social_post_already_shared":false,"jetpack_social_options":{"image_generator_settings":{"template":"highway","enabled":false},"version":2}},"categories":[3],"tags":[],"class_list":{"0":"post-199","1":"post","2":"type-post","3":"status-publish","4":"format-standard","6":"category-rendez-vous"},"jetpack_publicize_connections":[],"jetpack_featured_media_url":"","jetpack_shortlink":"https:\/\/wp.me\/p11tZa-3d","jetpack_sharing_enabled":true,"_links":{"self":[{"href":"https:\/\/www.accarochemaure.fr\/index.php?rest_route=\/wp\/v2\/posts\/199","targetHints":{"allow":["GET"]}}],"collection":[{"href":"https:\/\/www.accarochemaure.fr\/index.php?rest_route=\/wp\/v2\/posts"}],"about":[{"href":"https:\/\/www.accarochemaure.fr\/index.php?rest_route=\/wp\/v2\/types\/post"}],"author":[{"embeddable":true,"href":"https:\/\/www.accarochemaure.fr\/index.php?rest_route=\/wp\/v2\/users\/1"}],"replies":[{"embeddable":true,"href":"https:\/\/www.accarochemaure.fr\/index.php?rest_route=%2Fwp%2Fv2%2Fcomments&post=199"}],"version-history":[{"count":5,"href":"https:\/\/www.accarochemaure.fr\/index.php?rest_route=\/wp\/v2\/posts\/199\/revisions"}],"predecessor-version":[{"id":206,"href":"https:\/\/www.accarochemaure.fr\/index.php?rest_route=\/wp\/v2\/posts\/199\/revisions\/206"}],"wp:attachment":[{"href":"https:\/\/www.accarochemaure.fr\/index.php?rest_route=%2Fwp%2Fv2%2Fmedia&parent=199"}],"wp:term":[{"taxonomy":"category","embeddable":true,"href":"https:\/\/www.accarochemaure.fr\/index.php?rest_route=%2Fwp%2Fv2%2Fcategories&post=199"},{"taxonomy":"post_tag","embeddable":true,"href":"https:\/\/www.accarochemaure.fr\/index.php?rest_route=%2Fwp%2Fv2%2Ftags&post=199"}],"curies":[{"name":"wp","href":"https:\/\/api.w.org\/{rel}","templated":true}]}}