{"id":555,"date":"2013-02-21T00:39:08","date_gmt":"2013-02-20T22:39:08","guid":{"rendered":"http:\/\/www.accarochemaure.fr\/?p=555"},"modified":"2013-02-21T01:09:37","modified_gmt":"2013-02-20T23:09:37","slug":"assemblee-generale-extraordinaire-du-cdcar-le-samedi-2-mars-2013","status":"publish","type":"post","link":"https:\/\/www.accarochemaure.fr\/?p=555","title":{"rendered":"Assembl\u00e9e g\u00e9n\u00e9rale extraordinaire du CDCAR le samedi 2 mars 2013 \u00e0 10h00"},"content":{"rendered":"<h3>Doit-on continuer \u00e0 d\u00e9fendre :<\/h3>\n<ul>\n<li>\n<h3>La grive en f\u00e9vrier en Ard\u00e8che<\/h3>\n<\/li>\n<li>\n<h3>Le pigeon en mars sur nos ACCA<\/h3>\n<\/li>\n<\/ul>\n<h3 style=\"text-align: center;\"><span style=\"color: #ff0000;\">Votre mobilisation d\u00e9cidera,<\/span><br \/>\n<span style=\"color: #ff0000;\">venez nombreux !<\/span><\/h3>\n<p><a href=\"\/wp-content\/uploads\/2013\/02\/201302190655.pdf\"><img loading=\"lazy\" decoding=\"async\" class=\"size-full wp-image-556 aligncenter\" alt=\"tractAG-CDCAR\" src=\"https:\/\/i0.wp.com\/www.accarochemaure.fr\/wp-content\/uploads\/2013\/02\/tractAG-CDCAR.png?resize=560%2C625&#038;ssl=1\" width=\"560\" height=\"625\" srcset=\"https:\/\/i0.wp.com\/www.accarochemaure.fr\/wp-content\/uploads\/2013\/02\/tractAG-CDCAR.png?w=560&amp;ssl=1 560w, https:\/\/i0.wp.com\/www.accarochemaure.fr\/wp-content\/uploads\/2013\/02\/tractAG-CDCAR.png?resize=268%2C300&amp;ssl=1 268w\" sizes=\"auto, (max-width: 560px) 100vw, 560px\" data-recalc-dims=\"1\" \/><\/a><\/p>\n<blockquote><p><em>A t\u00e9l\u00e9charger<a href=\"\/wp-content\/uploads\/2013\/02\/CourrierCDCAR.pdf\"> le courrier de mobilisation du pr\u00e9sident de CDCAR<\/a><\/em><\/p><\/blockquote>\n","protected":false},"excerpt":{"rendered":"<p>Doit-on continuer \u00e0 d\u00e9fendre :<\/p>\n<p>    La grive en f\u00e9vrier en Ard\u00e8che<br \/>\n    Le pigeon en mars sur nos ACCA<\/p>\n<p>Votre mobilisation d\u00e9cidera,<br \/>\nvenez nombreux !<\/p>\n","protected":false},"author":1,"featured_media":0,"comment_status":"open","ping_status":"open","sticky":false,"template":"","format":"standard","meta":{"_aioseop_title":"","_aioseop_description":"Doit-on continuer \u00e0 d\u00e9fendre :\r\n\r\n    La grive en f\u00e9vrier en Ard\u00e8che\r\n    Le pigeon en mars sur nos ACCA\r\n\r\nVotre mobilisation d\u00e9cidera,\r\nvenez nombreux !","jetpack_post_was_ever_published":false,"_jetpack_newsletter_access":"","_jetpack_dont_email_post_to_subs":false,"_jetpack_newsletter_tier_id":0,"_jetpack_memberships_contains_paywalled_content":false,"_jetpack_memberships_contains_paid_content":false,"footnotes":"","jetpack_publicize_message":"","jetpack_publicize_feature_enabled":true,"jetpack_social_post_already_shared":true,"jetpack_social_options":{"image_generator_settings":{"template":"highway","enabled":false},"version":2}},"categories":[1],"tags":[6,10,21],"class_list":{"0":"post-555","1":"post","2":"type-post","3":"status-publish","4":"format-standard","6":"category-informations","7":"tag-acca","8":"tag-agenda","9":"tag-annonce"},"jetpack_publicize_connections":[],"jetpack_featured_media_url":"","jetpack_shortlink":"https:\/\/wp.me\/p11tZa-8X","jetpack_sharing_enabled":true,"_links":{"self":[{"href":"https:\/\/www.accarochemaure.fr\/index.php?rest_route=\/wp\/v2\/posts\/555","targetHints":{"allow":["GET"]}}],"collection":[{"href":"https:\/\/www.accarochemaure.fr\/index.php?rest_route=\/wp\/v2\/posts"}],"about":[{"href":"https:\/\/www.accarochemaure.fr\/index.php?rest_route=\/wp\/v2\/types\/post"}],"author":[{"embeddable":true,"href":"https:\/\/www.accarochemaure.fr\/index.php?rest_route=\/wp\/v2\/users\/1"}],"replies":[{"embeddable":true,"href":"https:\/\/www.accarochemaure.fr\/index.php?rest_route=%2Fwp%2Fv2%2Fcomments&post=555"}],"version-history":[{"count":10,"href":"https:\/\/www.accarochemaure.fr\/index.php?rest_route=\/wp\/v2\/posts\/555\/revisions"}],"predecessor-version":[{"id":564,"href":"https:\/\/www.accarochemaure.fr\/index.php?rest_route=\/wp\/v2\/posts\/555\/revisions\/564"}],"wp:attachment":[{"href":"https:\/\/www.accarochemaure.fr\/index.php?rest_route=%2Fwp%2Fv2%2Fmedia&parent=555"}],"wp:term":[{"taxonomy":"category","embeddable":true,"href":"https:\/\/www.accarochemaure.fr\/index.php?rest_route=%2Fwp%2Fv2%2Fcategories&post=555"},{"taxonomy":"post_tag","embeddable":true,"href":"https:\/\/www.accarochemaure.fr\/index.php?rest_route=%2Fwp%2Fv2%2Ftags&post=555"}],"curies":[{"name":"wp","href":"https:\/\/api.w.org\/{rel}","templated":true}]}}