{"id":652,"date":"2013-08-12T21:51:18","date_gmt":"2013-08-12T19:51:18","guid":{"rendered":"http:\/\/www.accarochemaure.fr\/?p=652"},"modified":"2013-08-12T21:59:20","modified_gmt":"2013-08-12T19:59:20","slug":"mortalite-anormale-de-sangliers-en-ardeche-eclaircissements-de-la-fdc","status":"publish","type":"post","link":"https:\/\/www.accarochemaure.fr\/?p=652","title":{"rendered":"Mortalit\u00e9 anormale de sangliers en Ard\u00e8che : Eclaircissements de la FDC"},"content":{"rendered":"<div>\n<p><a href=\"https:\/\/i0.wp.com\/www.accarochemaure.fr\/wp-content\/uploads\/2013\/08\/mortalit\u00e9-sangliers.png?ssl=1\"><img loading=\"lazy\" decoding=\"async\" class=\"alignleft size-medium wp-image-654\" alt=\"mortalit\u00e9 sangliers\" src=\"https:\/\/i0.wp.com\/www.accarochemaure.fr\/wp-content\/uploads\/2013\/08\/mortalit\u00e9-sangliers.png?resize=300%2C185&#038;ssl=1\" width=\"300\" height=\"185\" srcset=\"https:\/\/i0.wp.com\/www.accarochemaure.fr\/wp-content\/uploads\/2013\/08\/mortalit\u00e9-sangliers.png?resize=300%2C185&amp;ssl=1 300w, https:\/\/i0.wp.com\/www.accarochemaure.fr\/wp-content\/uploads\/2013\/08\/mortalit\u00e9-sangliers.png?w=810&amp;ssl=1 810w\" sizes=\"auto, (max-width: 300px) 100vw, 300px\" data-recalc-dims=\"1\" \/><\/a>Les derni\u00e8res actualit\u00e9s sur la vie cyn\u00e9g\u00e9tique de notre d\u00e9partement n\u00e9cessitent des \u00e9claircissements pr\u00e9cis et r\u00e9els.<\/p>\n<p>D\u00e8s le 5 juillet des cadavres de sangliers ont \u00e9t\u00e9 d\u00e9couverts sur la commune de Vals les Bains et les communes p\u00e9riph\u00e9riques (<em>Voir carte ci-contre<\/em>). Les temp\u00e9ratures estivales ne nous ont pas permis d&rsquo;obtenir des pr\u00e9l\u00e8vements exploitables pour permettre l&rsquo;identification des causes de mortalit\u00e9.<\/p>\n<p>Entre le 05 Juillet 2013 et le 03 Ao\u00fbt 2013, nous avons identifi\u00e9 un total de 24 cadavres de sangliers se r\u00e9partissant sur les communes de Vals les Bains, Aizac, Chirols, Pont de Labeaume, Lalevade, Asperjoc et Saint Julien du Serre.\u00a0Sur ces 24 cadavres, 5 ont \u00e9t\u00e9 amen\u00e9s \u00e0 l&rsquo;analyse et les 19 autres ont \u00e9t\u00e9 laiss\u00e9s sur place en raison de leur \u00e9tat avanc\u00e9 de d\u00e9composition.<\/p>\n<p>Il est \u00e0 noter qu&rsquo;\u00e0 ce jour soit le 08 Ao\u00fbt 2013, sur les communes pr\u00e9cit\u00e9es, aucun cadavre frais ne nous a \u00e9t\u00e9 signal\u00e9, n\u00e9anmoins entre le 05 Juillet et le 03 Ao\u00fbt 2013, six sangliers ont \u00e9t\u00e9 observ\u00e9s avec des comportements anormaux (Tremblement, convulsion&#8230;) sans qu&rsquo;il soit possible de les capturer aux fins de les faire analyser.\u00a0Les 5 animaux analysables ont \u00e9t\u00e9 achemin\u00e9s au laboratoire v\u00e9t\u00e9rinaire d&rsquo;Avignon (LVD84) sp\u00e9cialis\u00e9 sur la faune sauvage et ont fait l&rsquo;objet d&rsquo;une autopsie&#8230;[<a href=\"http:\/\/www.chasseardeche.fr\/actualites-chasse-nature-ardeche\/actualites-departementales\/mortalite-anormale-des-sangliers.html\">Lire la suite<\/a>]<\/p>\n<blockquote><p><em>Suite de l&rsquo;article \u00e0 lire\u00a0 sur la site de la F\u00e9d\u00e9ration : <a href=\"http:\/\/www.chasseardeche.fr\/actualites-chasse-nature-ardeche\/actualites-departementales\/mortalite-anormale-des-sangliers.html\">http:\/\/www.chasseardeche.fr<\/a><\/em><\/p><\/blockquote>\n<\/div>\n","protected":false},"excerpt":{"rendered":"<p>Les derni\u00e8res actualit\u00e9s sur la vie cyn\u00e9g\u00e9tique de notre d\u00e9partement n\u00e9cessitent des \u00e9claircissements pr\u00e9cis et r\u00e9els.D\u00e8s le 5 juillet des cadavres de sangliers ont \u00e9t\u00e9 d\u00e9couverts&#8230;<\/p>\n","protected":false},"author":1,"featured_media":0,"comment_status":"open","ping_status":"open","sticky":false,"template":"","format":"standard","meta":{"_aioseop_title":"","_aioseop_description":"Les derni\u00e8res actualit\u00e9s sur la vie cyn\u00e9g\u00e9tique de notre d\u00e9partement n\u00e9cessitent des \u00e9claircissements pr\u00e9cis et r\u00e9els.D\u00e8s le 5 juillet des cadavres de sangliers ont \u00e9t\u00e9 d\u00e9couverts...","jetpack_post_was_ever_published":false,"_jetpack_newsletter_access":"","_jetpack_dont_email_post_to_subs":false,"_jetpack_newsletter_tier_id":0,"_jetpack_memberships_contains_paywalled_content":false,"_jetpack_memberships_contains_paid_content":false,"footnotes":"","jetpack_publicize_message":"","jetpack_publicize_feature_enabled":true,"jetpack_social_post_already_shared":true,"jetpack_social_options":{"image_generator_settings":{"template":"highway","enabled":false},"version":2}},"categories":[1],"tags":[22],"class_list":{"0":"post-652","1":"post","2":"type-post","3":"status-publish","4":"format-standard","6":"category-informations","7":"tag-fdcardeche"},"jetpack_publicize_connections":[],"jetpack_featured_media_url":"","jetpack_shortlink":"https:\/\/wp.me\/p11tZa-aw","jetpack_sharing_enabled":true,"_links":{"self":[{"href":"https:\/\/www.accarochemaure.fr\/index.php?rest_route=\/wp\/v2\/posts\/652","targetHints":{"allow":["GET"]}}],"collection":[{"href":"https:\/\/www.accarochemaure.fr\/index.php?rest_route=\/wp\/v2\/posts"}],"about":[{"href":"https:\/\/www.accarochemaure.fr\/index.php?rest_route=\/wp\/v2\/types\/post"}],"author":[{"embeddable":true,"href":"https:\/\/www.accarochemaure.fr\/index.php?rest_route=\/wp\/v2\/users\/1"}],"replies":[{"embeddable":true,"href":"https:\/\/www.accarochemaure.fr\/index.php?rest_route=%2Fwp%2Fv2%2Fcomments&post=652"}],"version-history":[{"count":12,"href":"https:\/\/www.accarochemaure.fr\/index.php?rest_route=\/wp\/v2\/posts\/652\/revisions"}],"predecessor-version":[{"id":664,"href":"https:\/\/www.accarochemaure.fr\/index.php?rest_route=\/wp\/v2\/posts\/652\/revisions\/664"}],"wp:attachment":[{"href":"https:\/\/www.accarochemaure.fr\/index.php?rest_route=%2Fwp%2Fv2%2Fmedia&parent=652"}],"wp:term":[{"taxonomy":"category","embeddable":true,"href":"https:\/\/www.accarochemaure.fr\/index.php?rest_route=%2Fwp%2Fv2%2Fcategories&post=652"},{"taxonomy":"post_tag","embeddable":true,"href":"https:\/\/www.accarochemaure.fr\/index.php?rest_route=%2Fwp%2Fv2%2Ftags&post=652"}],"curies":[{"name":"wp","href":"https:\/\/api.w.org\/{rel}","templated":true}]}}