{"id":673,"date":"2013-09-25T08:30:09","date_gmt":"2013-09-25T06:30:09","guid":{"rendered":"http:\/\/www.accarochemaure.fr\/?p=673"},"modified":"2013-09-25T08:32:24","modified_gmt":"2013-09-25T06:32:24","slug":"mortalite-sangliers-situation","status":"publish","type":"post","link":"https:\/\/www.accarochemaure.fr\/?p=673","title":{"rendered":"Mortalit\u00e9 anormale des sangliers en Ard\u00e8che : Point de situation"},"content":{"rendered":"<h3>Le 7 septembre<\/h3>\n<p><strong>Un courrier de Mr le pr\u00e9sident de l&rsquo;ACCA est envoy\u00e9 \u00e0 la pr\u00e9fecture<\/strong>\u00a0 en interrogeant sur la situation et les conduites\u00a0 \u00e0 tenir par les soci\u00e9taires dans ce contexte de mortalit\u00e9 anomale des sangliers.<\/p>\n<h3>Le 17 septembre<\/h3>\n<p><strong>La pr\u00e9fecture apporte une r\u00e9ponse\u00a0 en y joignant\u00a0 la copie l&rsquo; arr\u00eat\u00e9 du 4 septembre<\/strong> \u00ab\u00a0portant interdiction de consommation et de commercialisation des viandes de sangliers chass\u00e9s dans certaines communes d&rsquo;Ard\u00e8che\u00a0\u00bb dans lequel figure la liste des communes concern\u00e9es :<\/p>\n<ul>\n<li><a href=\"\/wp-content\/uploads\/2013\/07\/Arr\u00e9t\u00e9Pref-17092013-mortalit\u00e9-sangliers.pdf\">Lire ou t\u00e9l\u00e9charger la r\u00e9ponse de la pr\u00e9fecture<\/a> (pdf)<\/li>\n<\/ul>\n<h3>Le 20 septembre<\/h3>\n<p><strong>La pr\u00e9fecture\u00a0 et la F\u00e9d\u00e9ration<\/strong> des Chasseurs de l&rsquo;Ard\u00e8che publient chacune<strong> un communiqu\u00e9 de presse<\/strong>\u00a0 :<\/p>\n<ul>\n<li><a href=\"\/wp-content\/uploads\/2013\/09\/2013-09-20-Pr\u00e9fet-Mortalit\u00e9-anormale-des-sangliers.pdf\">Le communiqu\u00e9 de la pr\u00e9fecture<\/a> (pdf)<\/li>\n<li><a href=\"\/wp-content\/uploads\/2013\/09\/20130920-COMMUNIQUE-SANGLIER-2013.pdf\">Le communique de la FDC de l&rsquo;Ard\u00e8che<\/a> (pdf)<\/li>\n<\/ul>\n<p><strong>La FDC publie \u00e9galement un \u00e9tat des mortalit\u00e9s<\/strong> de sangliers qui lui ont \u00e9t\u00e9 signal\u00e9 entre 5 juillet et le 20 septembre 2013 :<\/p>\n<ul>\n<li><a href=\"\/wp-content\/uploads\/2013\/09\/Tableau-de-synth\u00e8se-chronologique.pdf\">Lire ou t\u00e9l\u00e9charger le tableau r\u00e9capiltulatif<\/a> (pdf)<\/li>\n<\/ul>\n","protected":false},"excerpt":{"rendered":"<p>Le 7 septembre Un courrier de Mr le pr\u00e9sident de l&rsquo;ACCA est envoy\u00e9 \u00e0 la pr\u00e9fecture\u00a0 en interrogeant sur la situation et les conduites\u00a0 \u00e0 tenir par les soci\u00e9taires dans ce contexte de mortalit\u00e9 anomale des sangliers. Le 17 septembre La pr\u00e9fecture apporte une r\u00e9ponse\u00a0 en y joignant\u00a0 la copie l&rsquo; arr\u00eat\u00e9 du 4 septembre \u00ab\u00a0portant interdiction de consommation et de commercialisation des viandes de sangliers chass\u00e9s dans certaines communes d&rsquo;Ard\u00e8che\u00a0\u00bb dans lequel figure la liste des communes concern\u00e9es : Lire ou t\u00e9l\u00e9charger la r\u00e9ponse de la pr\u00e9fecture (pdf) Le 20 septembre La pr\u00e9fecture\u00a0 et la F\u00e9d\u00e9ration des Chasseurs de l&rsquo;Ard\u00e8che publient chacune un communiqu\u00e9 de presse\u00a0 : Le communiqu\u00e9 de la pr\u00e9fecture (pdf) Le communique de la FDC de l&rsquo;Ard\u00e8che (pdf) La FDC publie \u00e9galement un \u00e9tat des mortalit\u00e9s de sangliers qui lui ont \u00e9t\u00e9 signal\u00e9 entre 5 juillet et le 20 septembre 2013 : Lire ou t\u00e9l\u00e9charger le tableau r\u00e9capiltulatif (pdf)<\/p>\n","protected":false},"author":1,"featured_media":0,"comment_status":"open","ping_status":"open","sticky":false,"template":"","format":"standard","meta":{"_aioseop_title":"","_aioseop_description":"","jetpack_post_was_ever_published":false,"_jetpack_newsletter_access":"","_jetpack_dont_email_post_to_subs":false,"_jetpack_newsletter_tier_id":0,"_jetpack_memberships_contains_paywalled_content":false,"_jetpack_memberships_contains_paid_content":false,"footnotes":"","jetpack_publicize_message":"","jetpack_publicize_feature_enabled":true,"jetpack_social_post_already_shared":true,"jetpack_social_options":{"image_generator_settings":{"template":"highway","enabled":false},"version":2}},"categories":[1],"tags":[22,19,23],"class_list":{"0":"post-673","1":"post","2":"type-post","3":"status-publish","4":"format-standard","6":"category-informations","7":"tag-fdcardeche","8":"tag-prefecture","9":"tag-sangliers"},"jetpack_publicize_connections":[],"jetpack_featured_media_url":"","jetpack_shortlink":"https:\/\/wp.me\/p11tZa-aR","jetpack_sharing_enabled":true,"_links":{"self":[{"href":"https:\/\/www.accarochemaure.fr\/index.php?rest_route=\/wp\/v2\/posts\/673","targetHints":{"allow":["GET"]}}],"collection":[{"href":"https:\/\/www.accarochemaure.fr\/index.php?rest_route=\/wp\/v2\/posts"}],"about":[{"href":"https:\/\/www.accarochemaure.fr\/index.php?rest_route=\/wp\/v2\/types\/post"}],"author":[{"embeddable":true,"href":"https:\/\/www.accarochemaure.fr\/index.php?rest_route=\/wp\/v2\/users\/1"}],"replies":[{"embeddable":true,"href":"https:\/\/www.accarochemaure.fr\/index.php?rest_route=%2Fwp%2Fv2%2Fcomments&post=673"}],"version-history":[{"count":5,"href":"https:\/\/www.accarochemaure.fr\/index.php?rest_route=\/wp\/v2\/posts\/673\/revisions"}],"predecessor-version":[{"id":681,"href":"https:\/\/www.accarochemaure.fr\/index.php?rest_route=\/wp\/v2\/posts\/673\/revisions\/681"}],"wp:attachment":[{"href":"https:\/\/www.accarochemaure.fr\/index.php?rest_route=%2Fwp%2Fv2%2Fmedia&parent=673"}],"wp:term":[{"taxonomy":"category","embeddable":true,"href":"https:\/\/www.accarochemaure.fr\/index.php?rest_route=%2Fwp%2Fv2%2Fcategories&post=673"},{"taxonomy":"post_tag","embeddable":true,"href":"https:\/\/www.accarochemaure.fr\/index.php?rest_route=%2Fwp%2Fv2%2Ftags&post=673"}],"curies":[{"name":"wp","href":"https:\/\/api.w.org\/{rel}","templated":true}]}}