{"id":683,"date":"2013-11-11T10:18:51","date_gmt":"2013-11-11T08:18:51","guid":{"rendered":"http:\/\/www.accarochemaure.fr\/?p=683"},"modified":"2013-11-11T10:25:52","modified_gmt":"2013-11-11T08:25:52","slug":"mortalite-communique-federation","status":"publish","type":"post","link":"https:\/\/www.accarochemaure.fr\/?p=683","title":{"rendered":"Mortalit\u00e9 anormale des sangliers en Ard\u00e8che : Communiqu\u00e9 du 5\/11 de la F\u00e9d\u00e9ration"},"content":{"rendered":"<p><a href=\"https:\/\/i0.wp.com\/www.accarochemaure.fr\/wp-content\/uploads\/2013\/11\/logoFDChasse07.jpg?ssl=1\"><img loading=\"lazy\" decoding=\"async\" class=\"alignleft size-medium wp-image-684\" alt=\"logoFDChasse07\" src=\"https:\/\/i0.wp.com\/www.accarochemaure.fr\/wp-content\/uploads\/2013\/11\/logoFDChasse07.jpg?resize=277%2C103&#038;ssl=1\" width=\"277\" height=\"103\" srcset=\"https:\/\/i0.wp.com\/www.accarochemaure.fr\/wp-content\/uploads\/2013\/11\/logoFDChasse07.jpg?resize=300%2C111&amp;ssl=1 300w, https:\/\/i0.wp.com\/www.accarochemaure.fr\/wp-content\/uploads\/2013\/11\/logoFDChasse07.jpg?w=419&amp;ssl=1 419w\" sizes=\"auto, (max-width: 277px) 100vw, 277px\" data-recalc-dims=\"1\" \/><\/a><\/p>\n<p><strong>Texte int\u00e9gral du communiqu\u00e9 du 5 novembre 2013 publi\u00e9 par la F\u00e9d\u00e9ration D\u00e9partementale des Chasseurs de l&rsquo;Ard\u00e8che.<br \/>\n<\/strong><\/p>\n<p>&nbsp;<\/p>\n<p>&nbsp;<\/p>\n<p>\u00ab\u00a0La mortalit\u00e9 anormale de Sangliers semblait progressivement s\u2019apaiser. Le dernier cas qui se rapporte \u00e0 cet \u00e9v\u00e8nement date du 15\/10\/13, sur la commune de St Vincent de Durfort. Pour d\u2019autres individus signal\u00e9s, la raison fut \u00e0 chaque fois d\u00e9cel\u00e9e (collision, balle&#8230;).<\/p>\n<p>Ce week-end 4 sangliers ont \u00e9t\u00e9 trouv\u00e9s morts (Rochessauve 1, Beauv\u00e8ne 1 et M\u00e9zilhac 2)<br \/>\nJe ne peux pr\u00e9sumer de l\u2019origine de cette mortalit\u00e9, les animaux \u00e9tant en phase de transport pour \u00eatre autopsi\u00e9s aujourd\u2019hui. Comme l\u2019ont pr\u00e9cis\u00e9 les pouvoirs publics, aucun animal domestique, apr\u00e8s analyse (chien, chat, brebis, vache&#8230;) n\u2019est mort dans les m\u00eames conditions.<\/p>\n<p>Les investigations en cours sont encore nombreuses.<br \/>\n<strong>En \u00e9pid\u00e9miologie<\/strong> les prospections sont toujours en cours notamment sur des bact\u00e9riologies qui m\u00e9ritent d\u2019\u00eatre analys\u00e9es au plus haut niveau.<\/p>\n<p><strong>En toxicologie<\/strong> : Par d\u00e9faut de r\u00e9ponse satisfaisante pour compl\u00e9ter les recherches et faire taire les doutes \u00e9mis par certains, j\u2019ai choisi de faire appel \u00e0 un nouveau laboratoire d\u2019analyse toxicologique qui par chance est sur le d\u00e9partement de l\u2019Ard\u00e8che. Ce dernier travaille principalement sur l\u2019homme mais a accept\u00e9 gracieusement de proc\u00e9der \u00e0 l\u2019analyse de 2 cas typiques (Vals les Bains et Silhac). Les premiers r\u00e9sultats \u00e9cartent plusieurs centaines de mol\u00e9cules. Cette prospection va arriver \u00e0 son terme sans doute cette semaine.<\/p>\n<p>A l\u2019heure actuelle la cause de ces mortalit\u00e9s n\u2019est pas encore identifi\u00e9e mais ce n\u2019est pas pour autant que nous ne disposons pas de r\u00e9sultats. Chaque semaine, des comptes rendus de diff\u00e9rents laboratoires \u00e9cartent de nombreuses hypoth\u00e8ses. Par \u00e9limination progressive, j\u2019esp\u00e8re que nous arriverons \u00e0 d\u00e9celer l\u2019origine de ces m\u00e9faits.<\/p>\n<p>Dans l\u2019attente, je compte sur chacun d\u2019entre vous pour maintenir le r\u00f4le de sentinelle. Votre pr\u00e9sence sur le terrain est n\u00e9cessaire pour nous tenir inform\u00e9 de vos observations mais aussi pour assumer les responsabilit\u00e9s qui nous incombent quant \u00e0 la r\u00e9gulation des populations de sangliers. Pour terminer, restons solidaires, mesur\u00e9s dans nos propos et dans nos actes ; n\u2019entretenez pas de fausses rumeurs, l\u2019issue de cette situation particuli\u00e8rement difficile \u00e0 g\u00e9rer n\u2019en sera que plus simple.\u00a0\u00bb<\/p>\n<blockquote><p><em>T\u00e9l\u00e9chargement :\u00a0 <a href=\"https:\/\/www.accarochemaure.fr\/wp-content\/uploads\/2013\/09\/Tableau-de-synth\u00e8se-chronologique.pdf\">le document\u00a0 en pdf<\/a><\/em><\/p><\/blockquote>\n","protected":false},"excerpt":{"rendered":"<p>Texte int\u00e9gral du communiqu\u00e9 du 5 novembre 2013 publi\u00e9 par la F\u00e9d\u00e9ration D\u00e9partementale des Chasseurs de l&rsquo;Ard\u00e8che. : \u00ab\u00a0La mortalit\u00e9 anormale de Sangliers semblait progressivement s\u2019apaiser. Le dernier cas qui se rapporte \u00e0 cet \u00e9v\u00e8nement date du 15\/10\/13,<\/p>\n","protected":false},"author":1,"featured_media":0,"comment_status":"open","ping_status":"open","sticky":false,"template":"","format":"standard","meta":{"_aioseop_title":"","_aioseop_description":"Texte int\u00e9gral du communiqu\u00e9 du 5 novembre 2013 publi\u00e9 par la F\u00e9d\u00e9ration D\u00e9partementale des Chasseurs de l'Ard\u00e8che. : \"La mortalit\u00e9 anormale de Sangliers semblait progressivement s\u2019apaiser. Le dernier cas qui se rapporte \u00e0 cet \u00e9v\u00e8nement date du 15\/10\/13,","jetpack_post_was_ever_published":false,"_jetpack_newsletter_access":"","_jetpack_dont_email_post_to_subs":false,"_jetpack_newsletter_tier_id":0,"_jetpack_memberships_contains_paywalled_content":false,"_jetpack_memberships_contains_paid_content":false,"footnotes":"","jetpack_publicize_message":"","jetpack_publicize_feature_enabled":true,"jetpack_social_post_already_shared":true,"jetpack_social_options":{"image_generator_settings":{"template":"highway","enabled":false},"version":2}},"categories":[1],"tags":[22,23],"class_list":{"0":"post-683","1":"post","2":"type-post","3":"status-publish","4":"format-standard","6":"category-informations","7":"tag-fdcardeche","8":"tag-sangliers"},"jetpack_publicize_connections":[],"jetpack_featured_media_url":"","jetpack_shortlink":"https:\/\/wp.me\/p11tZa-b1","jetpack_sharing_enabled":true,"_links":{"self":[{"href":"https:\/\/www.accarochemaure.fr\/index.php?rest_route=\/wp\/v2\/posts\/683","targetHints":{"allow":["GET"]}}],"collection":[{"href":"https:\/\/www.accarochemaure.fr\/index.php?rest_route=\/wp\/v2\/posts"}],"about":[{"href":"https:\/\/www.accarochemaure.fr\/index.php?rest_route=\/wp\/v2\/types\/post"}],"author":[{"embeddable":true,"href":"https:\/\/www.accarochemaure.fr\/index.php?rest_route=\/wp\/v2\/users\/1"}],"replies":[{"embeddable":true,"href":"https:\/\/www.accarochemaure.fr\/index.php?rest_route=%2Fwp%2Fv2%2Fcomments&post=683"}],"version-history":[{"count":5,"href":"https:\/\/www.accarochemaure.fr\/index.php?rest_route=\/wp\/v2\/posts\/683\/revisions"}],"predecessor-version":[{"id":688,"href":"https:\/\/www.accarochemaure.fr\/index.php?rest_route=\/wp\/v2\/posts\/683\/revisions\/688"}],"wp:attachment":[{"href":"https:\/\/www.accarochemaure.fr\/index.php?rest_route=%2Fwp%2Fv2%2Fmedia&parent=683"}],"wp:term":[{"taxonomy":"category","embeddable":true,"href":"https:\/\/www.accarochemaure.fr\/index.php?rest_route=%2Fwp%2Fv2%2Fcategories&post=683"},{"taxonomy":"post_tag","embeddable":true,"href":"https:\/\/www.accarochemaure.fr\/index.php?rest_route=%2Fwp%2Fv2%2Ftags&post=683"}],"curies":[{"name":"wp","href":"https:\/\/api.w.org\/{rel}","templated":true}]}}