{"id":840,"date":"2014-12-24T13:15:26","date_gmt":"2014-12-24T11:15:26","guid":{"rendered":"http:\/\/www.accarochemaure.fr\/?p=840"},"modified":"2014-12-24T13:15:26","modified_gmt":"2014-12-24T11:15:26","slug":"communique-federations-departementales","status":"publish","type":"post","link":"https:\/\/www.accarochemaure.fr\/?p=840","title":{"rendered":"Communiqu\u00e9 des F\u00e9d\u00e9rations d\u00e9partementales des chasseurs du 07 et 26"},"content":{"rendered":"<p style=\"text-align: center;\"><a href=\"https:\/\/i0.wp.com\/www.accarochemaure.fr\/wp-content\/uploads\/2013\/11\/logoFDChasse07.jpg?ssl=1\"><img loading=\"lazy\" decoding=\"async\" class=\"alignleft wp-image-684 \" src=\"https:\/\/i0.wp.com\/www.accarochemaure.fr\/wp-content\/uploads\/2013\/11\/logoFDChasse07.jpg?resize=219%2C81&#038;ssl=1\" alt=\"logoFDChasse07\" width=\"219\" height=\"81\" srcset=\"https:\/\/i0.wp.com\/www.accarochemaure.fr\/wp-content\/uploads\/2013\/11\/logoFDChasse07.jpg?resize=300%2C111&amp;ssl=1 300w, https:\/\/i0.wp.com\/www.accarochemaure.fr\/wp-content\/uploads\/2013\/11\/logoFDChasse07.jpg?w=419&amp;ssl=1 419w\" sizes=\"auto, (max-width: 219px) 100vw, 219px\" data-recalc-dims=\"1\" \/><\/a><strong>Communiqu\u00e9 du 22 d\u00e9cembre 2014<\/strong><\/p>\n<p style=\"text-align: center;\">Chasse des turdid\u00e9s dans la Dr\u00f4me et l\u2019Ard\u00e8che \/ Statu quo sur l\u2019arr\u00eat\u00e9 de 2009<\/p>\n<p style=\"text-align: center;\"><em>\u00ab En politique une absurdit\u00e9 n\u2019est pas un obstacle \u00bb Napol\u00e9on Bonaparte<\/em><\/p>\n<p style=\"text-align: center;\">*******<\/p>\n<p>Les d\u00e9partements de l\u2019Ard\u00e8che et de la Dr\u00f4me b\u00e9n\u00e9ficient actuellement d\u2019un report de la date de fermeture de la chasse des grives au 20 f\u00e9vrier pour les parties m\u00e9ridionales des deux d\u00e9partements mentionn\u00e9es dans l\u2019arr\u00eat\u00e9 minist\u00e9riel du 19 janvier 2009 relatif aux dates de fermeture de la chasse aux oiseaux de passage et au gibier d\u2019eau.<\/p>\n<p>Sous l\u2019\u00e9gide de la F\u00e9d\u00e9ration Nationale des Chasseurs et avec l\u2019appui scientifique de l\u2019Institut M\u00e9diterran\u00e9en du Patrimoine Cyn\u00e9g\u00e9tique et Faunistique, les f\u00e9d\u00e9rations des chasseurs de l\u2019Ard\u00e8che et de la Dr\u00f4me ont entrepris une \u00e9tude scientifique d\u2019envergure sur plus de 18 mois de fa\u00e7on \u00e0 g\u00e9n\u00e9rale des turdid\u00e9s au 20 f\u00e9vrier sur l\u2019ensemble des deux d\u00e9partements sans que cette d\u00e9cision ne remette en cause l\u2019\u00e9tat des populations de turdid\u00e9s.<\/p>\n<p>Les derniers arguments scientifiques et administratifs n\u2019ont pourtant pas \u00e9t\u00e9 retenus par le minist\u00e8re de l\u2019\u00e9cologie.<\/p>\n<p>Malgr\u00e9 la qualit\u00e9 du volumineux dossier scientifique, malgr\u00e9 l\u2019importance des moyens humains engag\u00e9s dans cette op\u00e9ration, cette d\u00e9cision de nature politique sonne comme un gage donn\u00e9 aux \u00e9cologistes locaux apr\u00e8s l\u2019annonce par le gouvernement de la reprise des travaux \u00e0 La Lande des Maures et les tergiversations sur Sivens et Roybon. Au demeurant, le coup d\u2019arr\u00eat au processus d\u2019instruction de cette extension pourtant port\u00e9e avec force dans l\u2019int\u00e9r\u00eat des chasseurs de l\u2019Ard\u00e8che et de la Dr\u00f4me n\u2019est que momentan\u00e9. Le refus id\u00e9ologique du minist\u00e8re n\u2019est pas un obstacle<br \/>\nsusceptible d\u2019entamer la d\u00e9termination de la f\u00e9d\u00e9ration \u00e0 poursuivre les \u00e9tudes pour obtenir gain de cause sur une demande l\u00e9gitime et justifi\u00e9e. Ce refus n\u2019est pas davantage opportun \u00e0 quelques mois d\u2019\u00e9lections locales importantes o\u00f9 les chasseurs seront appel\u00e9s \u00e0 d\u00e9fendre leurs int\u00e9r\u00eats.<\/p>\n<p>Jacques Aurange \u2013 Pr\u00e9sident FDC 07<br \/>\nAlain Hurtevent \u2013 Pr\u00e9sident FDC 26<\/p>\n<blockquote><p><em>T\u00e9l\u00e9charger le communiqu\u00e9 <a href=\"https:\/\/www.accarochemaure.fr\/wp-content\/uploads\/2014\/12\/communique22dec2014FDC07-26.pdf\">en version PDF<\/a><\/em><\/p><\/blockquote>\n","protected":false},"excerpt":{"rendered":"<p>Communiqu\u00e9 du 22 d\u00e9cembre 2014 : Chasse des turdid\u00e9s dans la Dr\u00f4me et l\u2019Ard\u00e8che \/ Statu quo sur l\u2019arr\u00eat\u00e9 de 2009<\/p>\n","protected":false},"author":1,"featured_media":0,"comment_status":"open","ping_status":"open","sticky":false,"template":"","format":"standard","meta":{"_aioseop_title":"","_aioseop_description":"Communiqu\u00e9 du 22 d\u00e9cembre 2014 : Chasse des turdid\u00e9s dans la Dr\u00f4me et l\u2019Ard\u00e8che \/ Statu quo sur l\u2019arr\u00eat\u00e9 de 2009","jetpack_post_was_ever_published":false,"_jetpack_newsletter_access":"","_jetpack_dont_email_post_to_subs":false,"_jetpack_newsletter_tier_id":0,"_jetpack_memberships_contains_paywalled_content":false,"_jetpack_memberships_contains_paid_content":false,"footnotes":"","jetpack_publicize_message":"","jetpack_publicize_feature_enabled":true,"jetpack_social_post_already_shared":true,"jetpack_social_options":{"image_generator_settings":{"template":"highway","enabled":false},"version":2}},"categories":[1],"tags":[21,22],"class_list":{"0":"post-840","1":"post","2":"type-post","3":"status-publish","4":"format-standard","6":"category-informations","7":"tag-annonce","8":"tag-fdcardeche"},"jetpack_publicize_connections":[],"jetpack_featured_media_url":"","jetpack_shortlink":"https:\/\/wp.me\/p11tZa-dy","jetpack_sharing_enabled":true,"_links":{"self":[{"href":"https:\/\/www.accarochemaure.fr\/index.php?rest_route=\/wp\/v2\/posts\/840","targetHints":{"allow":["GET"]}}],"collection":[{"href":"https:\/\/www.accarochemaure.fr\/index.php?rest_route=\/wp\/v2\/posts"}],"about":[{"href":"https:\/\/www.accarochemaure.fr\/index.php?rest_route=\/wp\/v2\/types\/post"}],"author":[{"embeddable":true,"href":"https:\/\/www.accarochemaure.fr\/index.php?rest_route=\/wp\/v2\/users\/1"}],"replies":[{"embeddable":true,"href":"https:\/\/www.accarochemaure.fr\/index.php?rest_route=%2Fwp%2Fv2%2Fcomments&post=840"}],"version-history":[{"count":5,"href":"https:\/\/www.accarochemaure.fr\/index.php?rest_route=\/wp\/v2\/posts\/840\/revisions"}],"predecessor-version":[{"id":846,"href":"https:\/\/www.accarochemaure.fr\/index.php?rest_route=\/wp\/v2\/posts\/840\/revisions\/846"}],"wp:attachment":[{"href":"https:\/\/www.accarochemaure.fr\/index.php?rest_route=%2Fwp%2Fv2%2Fmedia&parent=840"}],"wp:term":[{"taxonomy":"category","embeddable":true,"href":"https:\/\/www.accarochemaure.fr\/index.php?rest_route=%2Fwp%2Fv2%2Fcategories&post=840"},{"taxonomy":"post_tag","embeddable":true,"href":"https:\/\/www.accarochemaure.fr\/index.php?rest_route=%2Fwp%2Fv2%2Ftags&post=840"}],"curies":[{"name":"wp","href":"https:\/\/api.w.org\/{rel}","templated":true}]}}